{"id":21752,"date":"2022-05-18T00:00:00","date_gmt":"2022-05-18T06:00:00","guid":{"rendered":"https:\/\/dralvarez.com.mx\/larevista\/blog\/acuario-veracruzano"},"modified":"2024-02-23T12:50:00","modified_gmt":"2024-02-23T18:50:00","slug":"acuario-veracruzano","status":"publish","type":"post","link":"https:\/\/dralvarez.com.mx\/larevista\/opiniones\/acuario-veracruzano","title":{"rendered":"Acuario veracruzano"},"content":{"rendered":"<p><b><i>Se comenta solo&#8230;<\/i>, por: Carlos Ramos Padilla.*<\/b><\/p>\n<\/p>\n<p>Veracruz destaca c\u00f3mo una Entidad violenta e insegura con la suma hist\u00f3rica de cr\u00edmenes y secuestros contra la poblaci\u00f3n civil adicional a los atentados a periodistas. Sin embargo el gobernador Cuitl\u00e1huac Garc\u00eda presenta fr\u00edvolamente otras prioridades al enfocar su desatinada administraci\u00f3n enviando a personal de la Procuradur\u00eda del Medio Ambiente estatal (PMA) para clausurar el Acuario de Veracruz bajo argumentos insostenibles y no comprobados acerca de  un supuesto \u201ctr\u00e1fico de especies\u201d.<\/p>\n<p>Ambientalistas afirman que el gobernador desea apoderarse del recinto luego de escuchar que  acusa a la iniciativa privada de tener el control del Acuario y \u201cpara ver c\u00f3mo podemos mejorar el funcionamiento\u201d, en pocas palabras provocar  injerencia y controlar un espacio que maneja y genera importantes recursos. <\/p>\n<p>El presidente de la Comisi\u00f3n de Vigilancia Luis Arturo Santiago Mart\u00ednez, incondicional y sumiso al gobierno, no descart\u00f3 que se revoque la concesi\u00f3n al Patronato, que encabeza el empresario Jaime Mantec\u00f3n.<\/p>\n<p>Desde 2020, la PMA bajo la titularidad del ex perredista Sergio Rodr\u00edguez Cort\u00e9s, tuvo que admitir que el Acuario de Veracruz est\u00e1 fuera del \u00e1mbito de su competencia y reconoci\u00f3 que el expediente administrativo PMAVER\/DJ\/EXP-001\/2020, determina que el Acuario de Veracruz A.C. es una Unidad de Manejo para la Conservaci\u00f3n de Vida Silvestre (UMA), por lo cual su regulaci\u00f3n corresponde \u00fanicamente  a la Secretar\u00eda del Medio Ambiente y Recursos Naturales (Semarnat) y la verificaci\u00f3n de su funcionamiento a la Profepa, de acuerdo con las leyes de Vida Silvestre y del Equilibrio Ecol\u00f3gico y la Protecci\u00f3n del Ambiente.<\/p>\n<p>Se conoce adem\u00e1s que el Fideicomiso de Administraci\u00f3n del Acuario maneja recursos por m\u00e1s de 46 millones de pesos flujos fuera del manejo del of\u00edcialismo. <\/p>\n<p>Este innecesario conflicto se suma a las crecientes acusaciones por Ecocidio que ha levantado los tramos de construcci\u00f3n del Tren Maya que podr\u00eda verse definidamente cancelado luego de que el gobierno ya reconoci\u00f3 no contar con los estudios de impacto ambiental y obligar a nuevas rutas que favorezcan la zona de Palenque. <\/p>\n<p>Los se\u00f1alamientos est\u00e1n trascendiendo las fronteras mexicanas y despiertan la atenci\u00f3n de inversionistas que ya se niegan a participar en proyectos en nuestro territorio por la inestabilidad de las pol\u00edticas p\u00fablicas y las ocurrencias de los gobernantes. <\/p>\n<p>Quienes tenemos el privilegio de visitar y conocer la zona maya y el Acuario de Veracruz obs\u00e9rvanos con enorme inquietud (por decir lo menos) los evidentes atentados contra el patrimonio nacional por la avaricia y codicia de los gobernantes. <\/p>\n<p>El Acuario de Veracruz es un recinto de respeto a la vida de diferentes especies, se procura su preservaci\u00f3n, se educa a la poblaci\u00f3n, se fortalece a la investigaci\u00f3n, crece la cultura y entendimiento a la naturaleza y es motivo de esparcimiento para nacionales y extranjeros. Todo lo que se relaciona a la iniciativa privada molesta al gobierno actual. Son ataques e imprudentes descalificaciones. <\/p>\n<p>Se atenta contra la libre inversi\u00f3n, fuentes de empleo y se alienta la imposici\u00f3n y corrupci\u00f3n. Una vez m\u00e1s, en este asunto veracruzano constatamos que para algunos las leyes est\u00e1n para evadirlas.<\/p>\n<p><b>*Conductor del programa VaEnSerio mexiquensetv canal 34.2 izzi 135<\/b><\/p>\n<p><\/p>\n","protected":false},"excerpt":{"rendered":"<p>Se comenta solo&#8230;<\/p>\n","protected":false},"author":1168,"featured_media":36584,"comment_status":"open","ping_status":"open","sticky":false,"template":"","format":"standard","meta":{"tdm_status":"","tdm_grid_status":"","footnotes":""},"categories":[25],"tags":[],"_links":{"self":[{"href":"https:\/\/dralvarez.com.mx\/larevista\/wp-json\/wp\/v2\/posts\/21752"}],"collection":[{"href":"https:\/\/dralvarez.com.mx\/larevista\/wp-json\/wp\/v2\/posts"}],"about":[{"href":"https:\/\/dralvarez.com.mx\/larevista\/wp-json\/wp\/v2\/types\/post"}],"author":[{"embeddable":true,"href":"https:\/\/dralvarez.com.mx\/larevista\/wp-json\/wp\/v2\/users\/1168"}],"replies":[{"embeddable":true,"href":"https:\/\/dralvarez.com.mx\/larevista\/wp-json\/wp\/v2\/comments?post=21752"}],"version-history":[{"count":1,"href":"https:\/\/dralvarez.com.mx\/larevista\/wp-json\/wp\/v2\/posts\/21752\/revisions"}],"predecessor-version":[{"id":36583,"href":"https:\/\/dralvarez.com.mx\/larevista\/wp-json\/wp\/v2\/posts\/21752\/revisions\/36583"}],"wp:featuredmedia":[{"embeddable":true,"href":"https:\/\/dralvarez.com.mx\/larevista\/wp-json\/wp\/v2\/media\/36584"}],"wp:attachment":[{"href":"https:\/\/dralvarez.com.mx\/larevista\/wp-json\/wp\/v2\/media?parent=21752"}],"wp:term":[{"taxonomy":"category","embeddable":true,"href":"https:\/\/dralvarez.com.mx\/larevista\/wp-json\/wp\/v2\/categories?post=21752"},{"taxonomy":"post_tag","embeddable":true,"href":"https:\/\/dralvarez.com.mx\/larevista\/wp-json\/wp\/v2\/tags?post=21752"}],"curies":[{"name":"wp","href":"https:\/\/api.w.org\/{rel}","templated":true}]}}