{"id":21750,"date":"2022-05-18T00:00:00","date_gmt":"2022-05-18T06:00:00","guid":{"rendered":"https:\/\/dralvarez.com.mx\/larevista\/blog\/la-gota-de-espuma"},"modified":"2024-02-23T12:49:54","modified_gmt":"2024-02-23T18:49:54","slug":"la-gota-de-espuma","status":"publish","type":"post","link":"https:\/\/dralvarez.com.mx\/larevista\/opiniones\/la-gota-de-espuma","title":{"rendered":"La gota de espuma&#8230;"},"content":{"rendered":"<p><b>Por: Cristina Pad\u00edn.<\/b><\/p>\n<p>La gota de espuma era blanca y plateada. Y revoltosa y pura. Y gallega y valiente (suele ser valiente el gallego). Y gentil y leal. Sali\u00f3 de Tir\u00e1n, y por tanto sali\u00f3 de Moa\u00f1a, y por la misma raz\u00f3n sali\u00f3 de Pontevedra, as\u00ed que tambi\u00e9n sali\u00f3 de Galicia. <\/p>\n<p>Estaba triste\u2026<\/p>\n<p>Algunos 18 de mayo en tierras gallegas son muy bonitos. Claros como d\u00edas primaverales y c\u00e1lidos como d\u00edas estivales. Aquel 18 de mayo era triste. Repicaba alguna campana en alguna aldea, una de esas que saben a mar y amar y rezar. La gota de agua llor\u00f3..<\/p>\n<p>Llor\u00f3 y la l\u00e1grima salada cay\u00f3 a la sal del mar..<\/p>\n<p>El escritor hab\u00eda muerto. La muerte no es el final.. pero s\u00ed lo es. No habr\u00e1 otro libro, ni otro caso, ni otro beso, ni otro viaje a Ons, ni otro barco. Morir es ahogar el paseo, el vino, el caf\u00e9, el abrazo, el deseo, el estar. La gota de espuma iba a llevar flores a Vigo.<\/p>\n<p>Cre\u00eda en Dios y elev\u00f3 una oraci\u00f3n al cielo. Y naveg\u00f3\u2026 en ese mar de Galicia que tanto sabe\u2026<\/p>\n<p>A la memoria de Domingo Villar: escritor genial<br \/>D\u00eda triste en Galicia<br \/>Sin letras, sin palabras, sin libros.. el mundo no ser\u00eda nada. Est\u00e1 muy claro<br \/>A mi amigo Carlos M, un crack<br \/>Y a Carlos C, otro crack<br \/>A Albriux<br \/>A los 6 del 20M<br \/>A la valent\u00eda y a los gallegos valientes<br \/>A mi querido Luis<br \/>A mi mar gallego<br \/>A las letras<br \/>Y a cada persona que aprecia las letras. Y el vino, claro..<\/p>\n","protected":false},"excerpt":{"rendered":"<p>Por: Cristina Pad\u00edn.<\/p>\n","protected":false},"author":1025,"featured_media":36582,"comment_status":"open","ping_status":"open","sticky":false,"template":"","format":"standard","meta":{"tdm_status":"","tdm_grid_status":"","footnotes":""},"categories":[25],"tags":[],"_links":{"self":[{"href":"https:\/\/dralvarez.com.mx\/larevista\/wp-json\/wp\/v2\/posts\/21750"}],"collection":[{"href":"https:\/\/dralvarez.com.mx\/larevista\/wp-json\/wp\/v2\/posts"}],"about":[{"href":"https:\/\/dralvarez.com.mx\/larevista\/wp-json\/wp\/v2\/types\/post"}],"author":[{"embeddable":true,"href":"https:\/\/dralvarez.com.mx\/larevista\/wp-json\/wp\/v2\/users\/1025"}],"replies":[{"embeddable":true,"href":"https:\/\/dralvarez.com.mx\/larevista\/wp-json\/wp\/v2\/comments?post=21750"}],"version-history":[{"count":1,"href":"https:\/\/dralvarez.com.mx\/larevista\/wp-json\/wp\/v2\/posts\/21750\/revisions"}],"predecessor-version":[{"id":36581,"href":"https:\/\/dralvarez.com.mx\/larevista\/wp-json\/wp\/v2\/posts\/21750\/revisions\/36581"}],"wp:featuredmedia":[{"embeddable":true,"href":"https:\/\/dralvarez.com.mx\/larevista\/wp-json\/wp\/v2\/media\/36582"}],"wp:attachment":[{"href":"https:\/\/dralvarez.com.mx\/larevista\/wp-json\/wp\/v2\/media?parent=21750"}],"wp:term":[{"taxonomy":"category","embeddable":true,"href":"https:\/\/dralvarez.com.mx\/larevista\/wp-json\/wp\/v2\/categories?post=21750"},{"taxonomy":"post_tag","embeddable":true,"href":"https:\/\/dralvarez.com.mx\/larevista\/wp-json\/wp\/v2\/tags?post=21750"}],"curies":[{"name":"wp","href":"https:\/\/api.w.org\/{rel}","templated":true}]}}