{"id":21744,"date":"2022-05-17T00:00:00","date_gmt":"2022-05-17T06:00:00","guid":{"rendered":"https:\/\/dralvarez.com.mx\/larevista\/blog\/letras-galegas-naturalmente"},"modified":"2024-02-23T12:49:26","modified_gmt":"2024-02-23T18:49:26","slug":"letras-galegas-naturalmente","status":"publish","type":"post","link":"https:\/\/dralvarez.com.mx\/larevista\/opiniones\/letras-galegas-naturalmente","title":{"rendered":"Letras galegas, natural(mente)\u2026"},"content":{"rendered":"<p><b>Por: Cristina Pad\u00edn.<\/b><\/p>\n<p>Las Letras se despertaron temprano. Y con alma y duende se dispusieron a festejar un d\u00eda grande. Cualquier ocasi\u00f3n que rinda homenaje a la letra, que da vida y crea la palabra, que da vida y concibe por ejemplo la oraci\u00f3n (como la que hoy elevamos al cielo por la salud del gran Domingo Villar) o su hermana la narraci\u00f3n o su prima mayor la novela.<\/p>\n<p>Era 17 de mayo en Galicia.. y tambi\u00e9n en los dem\u00e1s lugares..<\/p>\n<p>Aquel d\u00eda, y con el coraz\u00f3n en Cantares Gallegos, se aplaud\u00eda a las letras gallegas. Y las Letras lo hac\u00edan emocionadas y felices. Una jornada de inmensa importancia. Por Rosal\u00eda de Castro. Por las campanas de Bastavales que enamoraron a las abuelas y a la abuela Amelia. Por Galicia infinda. Por palabras tan puras y bellas como qu\u00e9rote, br\u00e9tema, riqui\u00f1o, feito, noite\u2026<\/p>\n<p>Porque sin letras en el mundo no habr\u00eda palabras y sin palabras en el mundo no habr\u00eda nada.. ser\u00eda \u00e1rido y arisco.. porque las palabras unen y fascinan y crean puentes (de plata y de piedra y de esencia) y porque gracias a esas letras que hicieron puentes por ejemplo podemos apreciar los de Madison. Porque, como cantan Tanxugueiras, non hai fronteiras con las letras..<\/p>\n<p>Feliz d\u00eda de Letras Galegas<br \/>A la memoria de Florencio Delgado Gurriar\u00e1n<br \/>A todo escritor en lengua gallega y en toda lengua<br \/>A Tanxugueiras<br \/>A mi divo sevillano que aprende gallego<br \/>Con el alma encogida a Domingo Villar, fuerza!<br \/>A las palabras<br \/>A la cultura y a las personas que aprecian el arte<br \/>A mi amigo Jm: crack y n\u00famero 1<br \/>Al ole: palabra taurina que adoro<br \/>A Qu\u00e9rote, palabra gallega muy top<br \/>A Luis, hoy, siempre<br \/>A Carlos<br \/>A Isabel<br \/>A Emilio de Justo, que reaparece en Almer\u00eda con Lances de Futuro<br \/>A todos los que apreci\u00e1is la bell\u00edsima lengua gallega: sois muchos<br \/>A mi amiga Mar\u00eda: mexicana gallega<br \/>A cada 17 de mayo<\/p>\n","protected":false},"excerpt":{"rendered":"<p>Por: Cristina Pad\u00edn.<\/p>\n","protected":false},"author":1025,"featured_media":36576,"comment_status":"open","ping_status":"open","sticky":false,"template":"","format":"standard","meta":{"tdm_status":"","tdm_grid_status":"","footnotes":""},"categories":[25],"tags":[],"_links":{"self":[{"href":"https:\/\/dralvarez.com.mx\/larevista\/wp-json\/wp\/v2\/posts\/21744"}],"collection":[{"href":"https:\/\/dralvarez.com.mx\/larevista\/wp-json\/wp\/v2\/posts"}],"about":[{"href":"https:\/\/dralvarez.com.mx\/larevista\/wp-json\/wp\/v2\/types\/post"}],"author":[{"embeddable":true,"href":"https:\/\/dralvarez.com.mx\/larevista\/wp-json\/wp\/v2\/users\/1025"}],"replies":[{"embeddable":true,"href":"https:\/\/dralvarez.com.mx\/larevista\/wp-json\/wp\/v2\/comments?post=21744"}],"version-history":[{"count":1,"href":"https:\/\/dralvarez.com.mx\/larevista\/wp-json\/wp\/v2\/posts\/21744\/revisions"}],"predecessor-version":[{"id":36575,"href":"https:\/\/dralvarez.com.mx\/larevista\/wp-json\/wp\/v2\/posts\/21744\/revisions\/36575"}],"wp:featuredmedia":[{"embeddable":true,"href":"https:\/\/dralvarez.com.mx\/larevista\/wp-json\/wp\/v2\/media\/36576"}],"wp:attachment":[{"href":"https:\/\/dralvarez.com.mx\/larevista\/wp-json\/wp\/v2\/media?parent=21744"}],"wp:term":[{"taxonomy":"category","embeddable":true,"href":"https:\/\/dralvarez.com.mx\/larevista\/wp-json\/wp\/v2\/categories?post=21744"},{"taxonomy":"post_tag","embeddable":true,"href":"https:\/\/dralvarez.com.mx\/larevista\/wp-json\/wp\/v2\/tags?post=21744"}],"curies":[{"name":"wp","href":"https:\/\/api.w.org\/{rel}","templated":true}]}}