{"id":21728,"date":"2022-05-16T00:00:00","date_gmt":"2022-05-16T06:00:00","guid":{"rendered":"https:\/\/dralvarez.com.mx\/larevista\/blog\/t4a-cuida-asesinos-rateros-gatilleros-violadores"},"modified":"2024-02-23T12:48:49","modified_gmt":"2024-02-23T18:48:49","slug":"t4a-cuida-asesinos-rateros-gatilleros-violadores","status":"publish","type":"post","link":"https:\/\/dralvarez.com.mx\/larevista\/opiniones\/t4a-cuida-asesinos-rateros-gatilleros-violadores","title":{"rendered":"T4a \u201ccuida\u201d asesinos, rateros, gatilleros, violadores"},"content":{"rendered":"<p><b>Por: Luis Repper Jaramillo.*<\/b><\/p>\n<p><b>lrepperjaramillo@yahoo.com<\/b><\/p>\n<p><b><\/b><\/p>\n<blockquote><p><b>T4a \u201ccuida\u201d asesinos, rateros, gatilleros, violadores<\/b><br \/><i>Foro de Brasil, escuela de Andr\u00e9s Manuel<\/i><\/p><\/blockquote>\n<p><i><\/i><\/p>\n<\/p>\n<p>Para el gobierno<br \/>\nde la Transformaci\u00f3n de 4\u00aa, Morena y Andr\u00e9s Manuel L\u00f3pez Obrador es m\u00e1s<br \/>\nimportante <b>\u201ccuidar\u201d <\/b>(colusi\u00f3n) a<br \/>\nsicarios, asesinos, gavilleros, gatilleros, ratas de 2 patas, l\u00edderes de los<br \/>\nc\u00e1rteles de la delincuencia organizada, secuestradores, violadores, pederastas,<br \/>\nmafias, etc. que la seguridad de 130 millones de mexicanos, la salud de ni\u00f1os y<br \/>\npersonas con c\u00e1ncer, estabilizar la econ\u00f3mica y detonar el crecimiento del<br \/>\npa\u00eds. Facilitar el impulso al empleo, educaci\u00f3n de calidad, resolver la pobreza<br \/>\ny mendicidad de m\u00e1s de 57 millones de marginados. <\/p>\n<p>Para Andr\u00e9s Manuel<br \/>\nsu prioridad es \u201cquedar bien\u201d con las <b>bandas<br \/>\n<\/b>(delincuencia organizada) porque ser\u00e1n su apoyo y protecci\u00f3n cuando<br \/>\ndecidamos que el inquilino de Palacio Nacional debe dejar el cargo <b>por incapacidad, corrupci\u00f3n, inestabilidad<br \/>\nmental<\/b> y ruptura de la democracia y el Estado de Derecho.<\/p>\n<p>Y no es mi visi\u00f3n<br \/>\n(que desde hace m\u00e1s de 18 a\u00f1os he tenido sobre este falso dem\u00f3crata, perverso,<br \/>\nvil, traicionero y mamarracho sujeto) sino la realidad y declaraci\u00f3n medi\u00e1tica<br \/>\nque, desde el p\u00falpito del Mon\u00f3logo de su Soberbia, lanzara en favor de la<br \/>\nescoria social. Cito textual sus palabras <b>\u201c<\/b>porque<br \/>\ncuidamos a los elementos de las fuerzas armadas, de la Defensa, de la Guardia<br \/>\nNacional. Tambi\u00e9n <b>cuidamos a los<br \/>\nintegrantes de las bandas <\/b>(delincuentes) <b>porque son seres humanos<\/b>. Esta es una pol\u00edtica (T4a) distinta<b>\u201d<\/b><\/p>\n<p>As\u00ed, directo,<br \/>\nseguro, convencido, contundente fue el sentir emocional de L\u00f3pez Obrador, en<br \/>\nalusi\u00f3n a que d\u00edas antes un grupo de sicarios portando armas de alto calibre a<br \/>\nbordo de camionetas blindadas \u201ccorreteara\u201d en Nueva Italia, Michoac\u00e1n, a dos<br \/>\nveh\u00edculos castrenses que hu\u00edan de sus acosadores. Im\u00e1genes que se hicieron<br \/>\nviral, ante la verg\u00fcenza, indignaci\u00f3n, rechazo, burla de la ciudadan\u00eda, pues los<br \/>\nmilitares demostraron incapacidad, cobard\u00eda, impreparaci\u00f3n, miedo para defender<br \/>\na la poblaci\u00f3n y enfrentar a asesinos, secuestradores, asaltantes, gatilleros.<\/p>\n<p>Con este<br \/>\nconvencido pronunciamiento y sus antecedentes, Andr\u00e9s Manuel L\u00f3pez Obrador,<br \/>\ndemostr\u00f3 su incapacidad, por enfermedad mental, para gobernar un pa\u00eds de la<br \/>\ncalidad, importancia, trascendencia, dignidad y honorabilidad, M\u00e9xico. Confirma,<br \/>\nadem\u00e1s, no ser dem\u00f3crata; que lleg\u00f3 a Palacio Nacional para <b>vengarse<\/b> de los mexicanos e imponer<br \/>\n\u2013paulatinamente- una <b>dictadura<\/b> como<br \/>\nla han hecho sus \u00eddolos y gur\u00fas latinoamericanos Hugo Ch\u00e1vez, Nicol\u00e1s Maduro,<br \/>\nDaniel Ortega, Fidel y Ra\u00fal Castro, Miguel D\u00edaz Canel, Evo Morales, Luis Arce<br \/>\nCatacora, Alberto Fern\u00e1ndez, Jair Bolsonaro y los designios del Foro de Brasil,<br \/>\nal que orgullosamente pertenece Andr\u00e9s Manuel L\u00f3pez Obrador.<\/p>\n<p>Y qu\u00e9 m\u00e1s pruebas<br \/>\nde esa traici\u00f3n a la Patria \u2013tendencia totalitaria- que la gira realizada d\u00edas<br \/>\natr\u00e1s por Guatemala, Honduras, El Salvador, Belice y Cuba, naciones dominadas<br \/>\npor dictadores a quienes compr\u00f3 \u201ccondecoraciones\u201d pues se explica porque fue a<br \/>\nregalarles millones de d\u00f3lares, como \u201caportaciones\u201d para exportar sus programas<br \/>\nsociales Sembrando Vida, J\u00f3venes Construyendo el futuro. Le correspondieron el<br \/>\nfavor con \u201cmedallas\u201d<\/p>\n<p>Desde esos pa\u00edses<br \/>\ndemostr\u00f3 al mundo y al Presidente de Estados Unidos Joe Biden, ser un <b>dictador<\/b>: \u00e9l, su persona, Andr\u00e9s Manuel<br \/>\n(los mexicanos impediremos imponga su tendencia pol\u00edtica. Es traidor a la<br \/>\nPatria. Lleg\u00f3 en 2018 a Palacio Nacional a trav\u00e9s de un proceso electoral<br \/>\ndemocr\u00e1tico (30 millones 104 mil votos leg\u00edtimos) Una vez en el poder empez\u00f3 su<br \/>\nmaquinaci\u00f3n dictatorial, por \u00f3rdenes expresas del Foro de Brasil, para<br \/>\nconvertir a M\u00e9xico en naci\u00f3n comunista\u2026 <b>pero<br \/>\nse la va a pelar<\/b>, dir\u00eda la conseja popular.<\/p>\n<p>En Cuba y luego de<br \/>\n\u201crecibir\u201d la Medalla \u201cJos\u00e9 Mart\u00ed\u201d m\u00e1xima distinci\u00f3n comunista a sujetos<br \/>\nextranjeros, de manos del aut\u00f3crata Miguel D\u00edaz Canel, envalentonado, soberbio,<br \/>\narrogante. L\u00f3pez Obrador ret\u00f3, <b>chantaje\u00f3<\/b>,<br \/>\namenaz\u00f3 al Presidente Biden que si sus \u00eddolos, Daniel Ortega, Nicol\u00e1s Maduro,<br \/>\nD\u00edaz Canel, no son invitados a la Cumbre de las Am\u00e9ricas, reuni\u00f3n de los pa\u00edses<br \/>\ndel Hemisferio sur con el mandatario norteamericano, a celebrarse el 5 y 6 de<br \/>\njunio, en Los \u00c1ngeles, California, \u00e9l no asistir\u00eda (el mundo tembl\u00f3, se<br \/>\npreocup\u00f3, llor\u00f3) y enviar\u00eda en su representaci\u00f3n al gusano, larva, in\u00fatil<br \/>\nCanciller, jajajaja, \u00a1canciller! Marcelo Ebrard.<\/p>\n<p>Ya el Secretario<br \/>\nde Estado norteamericano, Antony Blinken, hab\u00eda adelantado que ni Cuba,<br \/>\nNicaragua, ni Venezuela ser\u00edan convocados a la Cumbre, por ser pa\u00edses que,<br \/>\nhist\u00f3ricamente atentan contra los Derechos Humanos de su poblaci\u00f3n.<\/p>\n<p>Asumi\u00e9ndose como<br \/>\nperverso dictador, insisti\u00f3 en Guatemala, Honduras, El Salvador que Estados<br \/>\nUnidos discrimina e hizo frente com\u00fan (\u00f3rdenes del Foro de Brasil) con sus<br \/>\ncompinches para \u201cboicotear\u201d la Cumbre. Ni tardos ni perezosos otros<br \/>\nanarquistas, el boliviano Luis Arce Catacora y el argentino Alberto Fern\u00e1ndez,<br \/>\nse sumaron al amago de no asistir a la reuni\u00f3n hemisf\u00e9rica.<\/p>\n<p>En la \u00ednfima<br \/>\ncabeza de Andr\u00e9s Manuel, a la que le quedan pocas neuronas, ignora, olvida,<br \/>\ndesconoce (su cl\u00e1sico no lo sab\u00eda) que la invitaci\u00f3n de Biden es al Estado<br \/>\nMexicano, no a la persona, y constitucionalmente est\u00e1 obligado a cumplir los<br \/>\ncompromisos asumidos al tomar protesta del cargo de \u201ccumplir y hacer cumplir la<br \/>\nConstituci\u00f3n y las leyes que de ella emanan\u201d. Como titular del Ejecutivo debe<br \/>\nresponder a los compromisos internacionales que la agenda nacional obliga. S\u00f3lo<br \/>\npuede excusarse por enfermedad, emergencia nacional, accidente personal,<br \/>\ndesorden social. En su lugar debe asistir el encargado de los asuntos<br \/>\ninternacionales (Secretario de Relaciones Exteriores).<\/p>\n<p>Pero por<br \/>\nberrinche, chantaje, desaire comete omisi\u00f3n, violando la Carta Magna, que es su<br \/>\ndeporte favorito, porque act\u00faa de manera personal para quedar bien con sus<br \/>\nsimilares comunistas, vali\u00e9ndole madres que, leg\u00edtimamente, es mandatario de<br \/>\nuna naci\u00f3n, que confunde el liderazgo de un movimiento pol\u00edtico (T4a), de un<br \/>\npartido (Morena), de un hombre, Andr\u00e9s Manuel L\u00f3pez Obrador, que representa a<br \/>\nm\u00e1s de 130 millones de ciudadanos, que no son lopezobradoristas y debe cumplir<br \/>\nsu obligaci\u00f3n legal.<\/p>\n<p>El mensaje claro<br \/>\nque envi\u00f3 El Peje, luego del berrinche contra Biden, no es que excluyan a sus<br \/>\n\u201camigos dictadores\u201d, no. Sino elevar al mundo y al gobierno de las barras y las<br \/>\nestrellas que ah\u00ed est\u00e1 L\u00f3pez Obrador, pretenso l\u00edder (por orden del Foro de<br \/>\nBrasil) de Centroam\u00e9rica y el Caribe. Situaci\u00f3n que poco le preocupa al<br \/>\nhabitante de la Casa Blanca, porque ya le tiene preparado un voluminoso<br \/>\nexpediente (superior al de Joaqu\u00edn Guzm\u00e1n Loera, El Chapo) de sus v\u00ednculos,<br \/>\ntranzas, complicidades, etc. con la delincuencia organizada ya no s\u00f3lo de<br \/>\nM\u00e9xico sino de todo Centroam\u00e9rica y el Caribe.<\/p>\n<p>Las carpetas con<br \/>\ninformaci\u00f3n Top Secret est\u00e1n en poder de la CIA, FBI, autoridades judiciales,<br \/>\nel poder legislativo norteamericano. Sin que lo espere, le dar\u00e1n el zarpazo<br \/>\nlegal.<\/p>\n<p>DICTADURA,<br \/>\nhablando de L\u00f3pez Obrador, es el r\u00e9gimen pol\u00edtico en el que una sola persona<br \/>\ngobierna con poder total, sin someterse a ninguna limitaci\u00f3n y con facultad de<br \/>\npromulgar y modificar leyes <b>a su<br \/>\nvoluntad<\/b>\u2026 <u>R\u00e9gimen autoritario<\/u><\/p>\n<p>Si lee familiar<br \/>\nesta definici\u00f3n, no est\u00e1 equivocado, es el perfil psicol\u00f3gico del <b>Peje<\/b>.<\/p>\n<p>El an\u00e1lisis de<br \/>\nespecialistas de la mente humana describe que el aut\u00f3crata (enti\u00e9ndase L\u00f3pez<br \/>\nObrador) rebosa de confianza e independencia en s\u00ed mismo. Sujeto absorto,<br \/>\nmentiroso profesional, carente de compasi\u00f3n. Suele ser <b>s\u00e1dico<\/b> y posee apetito insaciable de poder.<\/p>\n<p>Andr\u00e9s, es<br \/>\nparanoico, narcisista, vanidoso. Su mirada expresa psicopat\u00edas malignas de<br \/>\nmegaloman\u00eda imposible de controlar.<\/p>\n<p>El Dr. Seth Davin<br \/>\nNorrholm, psic\u00f3logo\/psiquiatra y profesor de la Universidad de Emory, en<br \/>\nAtlanta, Georgia, se\u00f1ala, \u201clo que tienen en com\u00fan los dictadores es su alto<br \/>\ngrado de narcisismo\u201d<\/p>\n<p>Preocupada y<br \/>\nocupada la Agencia Central de Inteligencia (CIA) de la tendencia y proclividad<br \/>\nde L\u00f3pez Obrador al comunismo y la dictadura (objetivo del Foro de Brasil)<br \/>\npidi\u00f3 a sus investigadores elaborar el perfil psicol\u00f3gico de un dictador (como<br \/>\nHitler, Ho Chi Min, Gadafi, Kim Jong-un) y concluyen que el trastorno m\u00e1s com\u00fan<br \/>\ndel dictador es su <b>egolatr\u00eda neur\u00f3tica<\/b><br \/>\n(amlo) <b>suicida<\/b>; inseguridad,<br \/>\nmasoquismo. El ejemplo m\u00e1s real es Adolfo Hitler, quien se ve\u00eda a s\u00ed mismo como<br \/>\n\u201cel destructor del superego anticuado hebr\u00e9ico cristiano\u201d. <\/p>\n<p>Adolfo, fue un<br \/>\ntipo contradictorio (como Andr\u00e9s) marcado por su esfuerzo intenso y obstinado<br \/>\nde superar sus discapacidades tempranas, debilidades y humillaciones. Hitler es<br \/>\nconsiderado (<b>m\u00edrate as\u00ed L\u00f3pez Obrador<\/b>)<br \/>\nenfermo mental, paranoico, esquizofr\u00e9nico, asesino, inhumano.<\/p>\n<p>Bueno, en el<br \/>\nM\u00e9xico de la T4a vientos de la Alemania nazi soplan y pululan en Palacio<br \/>\nNacional, el punto de comparaci\u00f3n entre los AA, Adolfo y Andr\u00e9s, s\u00f3lo son los<br \/>\na\u00f1os, pues las cualidades y personalidades son similares.<\/p>\n<p>Debemos estar<br \/>\nalertas. Andr\u00e9s, por su esquizofrenia, pretende llevarnos a la anarqu\u00eda.<\/p>\n<p>*Colaborador de<br \/>\nlos Grupos Editoriales Digitales <b>pasaporteinformativo.mx<\/b>,<br \/>\n<b>gustavorenteria.mx<\/b>, <b>latitudmegalopolis.com<\/b>, <b>portalhidalgo.mx<\/b>, <b>grupometropoli.net<\/b><\/p><\/p>\n","protected":false},"excerpt":{"rendered":"<p>Foro de Brasil, escuela de Andr\u00e9s Manuel.<\/p>\n","protected":false},"author":1156,"featured_media":0,"comment_status":"open","ping_status":"open","sticky":false,"template":"","format":"standard","meta":{"tdm_status":"","tdm_grid_status":"","footnotes":""},"categories":[25],"tags":[],"_links":{"self":[{"href":"https:\/\/dralvarez.com.mx\/larevista\/wp-json\/wp\/v2\/posts\/21728"}],"collection":[{"href":"https:\/\/dralvarez.com.mx\/larevista\/wp-json\/wp\/v2\/posts"}],"about":[{"href":"https:\/\/dralvarez.com.mx\/larevista\/wp-json\/wp\/v2\/types\/post"}],"author":[{"embeddable":true,"href":"https:\/\/dralvarez.com.mx\/larevista\/wp-json\/wp\/v2\/users\/1156"}],"replies":[{"embeddable":true,"href":"https:\/\/dralvarez.com.mx\/larevista\/wp-json\/wp\/v2\/comments?post=21728"}],"version-history":[{"count":1,"href":"https:\/\/dralvarez.com.mx\/larevista\/wp-json\/wp\/v2\/posts\/21728\/revisions"}],"predecessor-version":[{"id":36563,"href":"https:\/\/dralvarez.com.mx\/larevista\/wp-json\/wp\/v2\/posts\/21728\/revisions\/36563"}],"wp:attachment":[{"href":"https:\/\/dralvarez.com.mx\/larevista\/wp-json\/wp\/v2\/media?parent=21728"}],"wp:term":[{"taxonomy":"category","embeddable":true,"href":"https:\/\/dralvarez.com.mx\/larevista\/wp-json\/wp\/v2\/categories?post=21728"},{"taxonomy":"post_tag","embeddable":true,"href":"https:\/\/dralvarez.com.mx\/larevista\/wp-json\/wp\/v2\/tags?post=21728"}],"curies":[{"name":"wp","href":"https:\/\/api.w.org\/{rel}","templated":true}]}}