{"id":21726,"date":"2022-05-16T00:00:00","date_gmt":"2022-05-16T06:00:00","guid":{"rendered":"https:\/\/dralvarez.com.mx\/larevista\/blog\/insensato"},"modified":"2024-02-23T12:48:44","modified_gmt":"2024-02-23T18:48:44","slug":"insensato","status":"publish","type":"post","link":"https:\/\/dralvarez.com.mx\/larevista\/opiniones\/insensato","title":{"rendered":"Insensato"},"content":{"rendered":"<p><b><i>Se comenta solo&#8230;<\/i>, por: Carlos Ramos Padilla.*<\/b><\/p>\n<\/p>\n<p>Hay dos actividades (sin devaluar a otras m\u00e1s) que son indispensables, prioritarias y marcan un equilibrio social importante: el periodismo y la medicina, estas disciplinas que no merecen descanso y su mucha responsabilidad.<\/p>\n<p>Hoy dest\u00ednemos este espacio no a los colegas periodistas y reporteros censurados, desempleados o asesinados, sino a los m\u00e9dicos nacionales quienes de siempre han sido objeto de reconocimiento y gratitud m\u00e1s a\u00fan luego de los sismos de 1985 en donde desde los escombros mostraron su calidad y gallardia. En esta administraci\u00f3n en especial se ha intentado derrotarlos sin \u00e9xito.<\/p>\n<p>El propio presidente les ha acusado p\u00fablicamente de usureros por cobrar cantidades escandalosas en sus consultas. Si bien es cierto que las tarifas en los hospitales privados son criminarles, esto corresponde a poner en orden a los due\u00f1os de los nosocomios y corregir sus administraciones. Pero intern\u00e9monos en las salas de cirug\u00edas, en el lugar del accidentes en las m\u00e1s intensos crisis que ponen en riesgo la vida, y ah\u00ed est\u00e1n los m\u00e9dicos, socorriendo, salvando.<\/p>\n<p>A ellos a los que trabajan en el sector salud se les han retirado Fideicomisos, subsidios, recursos. Se ha mutilado a la ciencia y a la investigaci\u00f3n y perseguido a acad\u00e9micos. Durante la pandemia se les pidi\u00f3 doblar turnos y arriesgar su seguridad personal y de respuesta el presidente invitaba a no usar el cubrebocas, a darse abrazos en plazas p\u00fablicas y a motivar conciertos masivos. Muchos m\u00e9dicos, rompiendo un registro mundial, murieron en la batalla, sin reconocimiento, sin honores, en el anonimato majadero de un Estado irresponsable.<\/p>\n<p>Frente al COVID no se les otorg\u00f3 material de protecci\u00f3n alguno en tanto los dos Lopez (Obrador y Gattel) se sent\u00edan protegidos por estampitas. Los medicos aprendieron a manejar la vida desde sus computadoras auxiliando como nunca a miles y miles de enfermos, tambi\u00e9n por la tecnolog\u00eda apoyaron la docencia sin cansancio.<\/p>\n<p>Nunca el gobierno blind\u00f3 las econom\u00edas de las familias de los m\u00e9dicos que quedaron en la orfandad. El dinero para abastecer de medicamentos a los ni\u00f1os en fase terminal por c\u00e1ncer se destin\u00f3 mejor al b\u00e9isbol y al nuevo aeropuerto. Hoy el presidente aparenta dar los mismos derechos y garant\u00edas a los criminales que a los m\u00e9dicos, unos matan y est\u00e1n impunes y otros dan vida continuando en el abandono<\/p>\n<p>A los criminales no se les protege se les juzga. Todo mexicano que nace est\u00e1 bajo el cuidado de un m\u00e9dico. En el 2019 aplicaron 47 mil m\u00e9dicos al examen nacional para aspirantes de residencias m\u00e9dicas es decir para una especialidad y solo hab\u00eda poco m\u00e1s de 8 mil plazas.<\/p>\n<p>Muchos m\u00e9dicos con espaciosidad mexicanos hoy est\u00e1n desempleados por la torpe y necia pol\u00edtica de \u201causteridad\u201d o porque se considera que todos son corruptos menos los corruptos actuales. AMLO ha decidido de manera unilateral, contratar m\u00e9dicos cubanos sin acreditaci\u00f3n por ello se sospecha m\u00e1s de activismo pol\u00edtico\/revolucionario.<\/p>\n<p>Ah\u00ed est\u00e1 la defensa a AMLO a la dictadura cubana y para ello incluso ha prestado la residencia de Los Pinos. 255 millones de pesos se pagaron al gobierno de Cuba en tres convenios entre el gobierno de la CDMX y el Ministerio de Salud cubano: la partida 3999 por 1 mill\u00f3n 475 mil pesos, en la misma partida en un segundo movimiento otra suma por 14 millones 800 mil pesos y la partida 4911 por 239 millones (cifras en n\u00fameros redondos) que amparan a 585 cubanos que se duda de su profesi\u00f3n m\u00e9dica y que desplazar\u00e1n a los nuestros.<\/p>\n<p>AMLO ya llen\u00f3 nuestras calles de migrantes ilegales venidos de Centroam\u00e9rica.hoy llenar\u00e1 nuestros consultorios de cubanos mientras se entretiene en dinamitan a organismos e instituciones aut\u00f3nomas como la UNAM o el INE.<\/p>\n<p><b>*Conductor del programa VaEnSerio mexiquensetv canal 34.2 izzi 135<\/b><\/p>\n<p><\/p>\n","protected":false},"excerpt":{"rendered":"<p>Se comenta solo&#8230;<\/p>\n","protected":false},"author":1168,"featured_media":36562,"comment_status":"open","ping_status":"open","sticky":false,"template":"","format":"standard","meta":{"tdm_status":"","tdm_grid_status":"","footnotes":""},"categories":[25],"tags":[],"_links":{"self":[{"href":"https:\/\/dralvarez.com.mx\/larevista\/wp-json\/wp\/v2\/posts\/21726"}],"collection":[{"href":"https:\/\/dralvarez.com.mx\/larevista\/wp-json\/wp\/v2\/posts"}],"about":[{"href":"https:\/\/dralvarez.com.mx\/larevista\/wp-json\/wp\/v2\/types\/post"}],"author":[{"embeddable":true,"href":"https:\/\/dralvarez.com.mx\/larevista\/wp-json\/wp\/v2\/users\/1168"}],"replies":[{"embeddable":true,"href":"https:\/\/dralvarez.com.mx\/larevista\/wp-json\/wp\/v2\/comments?post=21726"}],"version-history":[{"count":1,"href":"https:\/\/dralvarez.com.mx\/larevista\/wp-json\/wp\/v2\/posts\/21726\/revisions"}],"predecessor-version":[{"id":36561,"href":"https:\/\/dralvarez.com.mx\/larevista\/wp-json\/wp\/v2\/posts\/21726\/revisions\/36561"}],"wp:featuredmedia":[{"embeddable":true,"href":"https:\/\/dralvarez.com.mx\/larevista\/wp-json\/wp\/v2\/media\/36562"}],"wp:attachment":[{"href":"https:\/\/dralvarez.com.mx\/larevista\/wp-json\/wp\/v2\/media?parent=21726"}],"wp:term":[{"taxonomy":"category","embeddable":true,"href":"https:\/\/dralvarez.com.mx\/larevista\/wp-json\/wp\/v2\/categories?post=21726"},{"taxonomy":"post_tag","embeddable":true,"href":"https:\/\/dralvarez.com.mx\/larevista\/wp-json\/wp\/v2\/tags?post=21726"}],"curies":[{"name":"wp","href":"https:\/\/api.w.org\/{rel}","templated":true}]}}