{"id":21720,"date":"2022-05-16T00:00:00","date_gmt":"2022-05-16T06:00:00","guid":{"rendered":"https:\/\/dralvarez.com.mx\/larevista\/blog\/facultad-de-derecho-2"},"modified":"2024-02-23T12:48:34","modified_gmt":"2024-02-23T18:48:34","slug":"facultad-de-derecho-2","status":"publish","type":"post","link":"https:\/\/dralvarez.com.mx\/larevista\/opiniones\/facultad-de-derecho-2","title":{"rendered":"Facultad de Derecho"},"content":{"rendered":"<p><b><i>Se comenta solo&#8230;<\/i>, por: Carlos Ramos Padilla.*<\/b><\/p>\n<p><b>Correo: car260857@hotmail.com<\/b><br \/><b>@cramospadilla<\/b><\/p>\n<\/p>\n<p>La Facultad de Derecho de la UNAM da lustre y<br \/>\nprestigio a la M\u00e1xima Casa de Estudios. El QS World University ranking, la<br \/>\nempresa calificadora de la educaci\u00f3n superior m\u00e1s prestigiada de todo el mundo,<br \/>\npublic\u00f3 sus cifras para 2022 y la Facultad de Derecho se ubica en el esca\u00f1o<br \/>\nn\u00famero 29 de entre todas las escuelas y facultades de leyes evaluadas, de todo<br \/>\nel mundo. <\/p>\n<p>La Facultad de Derecho de la UNAM es considerada la mejor<br \/>\nde Iberoam\u00e9rica en derecho y estudios jur\u00eddicos (law &amp; legal studies),<br \/>\nluego de evaluar a m\u00e1s de cinco mil instituciones de educaci\u00f3n superior. La<br \/>\ncalificaci\u00f3n se basa en la notoriedad acad\u00e9mica, la reputaci\u00f3n del empleador y<br \/>\nel impacto de la investigaci\u00f3n, a trav\u00e9s de indicadores como citas de \u00edndice H<br \/>\n(medici\u00f3n de la calidad profesional de cient\u00edficos en funci\u00f3n de la cantidad de<br \/>\nmenciones que han recibido sus art\u00edculos) y citas por papel.<\/p>\n<p>La m\u00e1xima calificaci\u00f3n, (99.9 unidades), la obtuvo la<br \/>\nUniversidad de Harvard; le siguen las universidades de Oxford, Cambridge, Yale<br \/>\ny Stanford. Hace apenas unos d\u00edas se llev\u00f3 a efecto una ceremonia para<br \/>\nreconocer el trabajo acad\u00e9mico y trayectoria de profesores con 35 a\u00f1os de<br \/>\ndocencia. Reunidos en el mismo recinto coincidieron los abogados de mayor<br \/>\nprestigio en el pa\u00eds bajo invitaci\u00f3n de su director Ra\u00fal Contreras<br \/>\nBustamante.  <\/p>\n<p>Este selecto grupo de universitarios em\u00e9ritos y de<br \/>\nvanguardia escucharon los pronunciamientos de Everardo Moreno Cruz, Presidente<br \/>\ndel Tribunal Universitario, \u201cnuestra universidad, generosa, nos convoca con<br \/>\nemoci\u00f3n para rendir un testimonio a quienes cumplimos a\u00f1os de servicio. <\/p>\n<p>Hemos de evocar nuestro primer d\u00eda de clases, era<br \/>\n1972. Nuestro rector Pablo Gonz\u00e1lez Casanova. Los j\u00f3venes, nuestros alumnos,<br \/>\ncomo ahora, estaban llenos de entusiasmo, plet\u00f3ricos de generosas ambiciones,<br \/>\ndeseosos de adquirir conocimiento, pero tambi\u00e9n interesados en contar con una<br \/>\nformaci\u00f3n espiritual y una gu\u00eda acad\u00e9mica de ejemplo. Hay que tomar el reto de<br \/>\npoder ser \u00fatiles a los j\u00f3venes. <\/p>\n<p>Llenar nuestras aulas, caminar por sus pasillos,<br \/>\ncontemplar el jard\u00edn de los em\u00e9ritos nos obliga a rendir un testimonio de<br \/>\nreconocimiento a nuestro director Ra\u00fal Contreras Bustamante. <\/p>\n<p>Deseo mencionar, con profunda convicci\u00f3n universitaria<br \/>\npero tambi\u00e9n patri\u00f3tica, lo que expres\u00f3 recientemente el Doctor Sergio Garc\u00eda<br \/>\nRam\u00edrez: \u201cLa autonom\u00eda es el ox\u00edgeno de la universidad\u201d.<\/p>\n<p>En este tipo de ceremonias solemnes se constata la<br \/>\ngrandeza de la UNAM, se entiende el valor necesario de la educaci\u00f3n, la<br \/>\nprioridad por competir, por buscar la grandeza y como es la m\u00edstica del Doctor<br \/>\nRa\u00fal Contreras, llegar a la excelencia. <\/p>\n<p>Esta es la fuerza de nuestra Alma Mater, aspirar a una<br \/>\nnaci\u00f3n m\u00e1s s\u00f3lida y unida, es la prueba inequ\u00edvoca de la obligaci\u00f3n moral de<br \/>\nhacer de cada mexicano un ser humano fuera de lo ordinario que convertido<br \/>\ndespu\u00e9s en l\u00edder, dise\u00f1e el mejor modelo social para convertirnos nuevamente en<br \/>\norgullo universal.<\/p>\n<p>&#8212;&#8212;&#8212;&#8212;&#8212;&#8212;&#8212;&#8212;&#8212;&#8212;&#8212;&#8212;&#8212;-<br \/><i>*Conductor<br \/>\ndel programa VaEnSerio mexiquensetv canal 34.2 izzi 135<\/i><\/p><\/p>\n","protected":false},"excerpt":{"rendered":"<p>Se comenta solo&#8230;<\/p>\n","protected":false},"author":1168,"featured_media":36556,"comment_status":"open","ping_status":"open","sticky":false,"template":"","format":"standard","meta":{"tdm_status":"","tdm_grid_status":"","footnotes":""},"categories":[25],"tags":[],"_links":{"self":[{"href":"https:\/\/dralvarez.com.mx\/larevista\/wp-json\/wp\/v2\/posts\/21720"}],"collection":[{"href":"https:\/\/dralvarez.com.mx\/larevista\/wp-json\/wp\/v2\/posts"}],"about":[{"href":"https:\/\/dralvarez.com.mx\/larevista\/wp-json\/wp\/v2\/types\/post"}],"author":[{"embeddable":true,"href":"https:\/\/dralvarez.com.mx\/larevista\/wp-json\/wp\/v2\/users\/1168"}],"replies":[{"embeddable":true,"href":"https:\/\/dralvarez.com.mx\/larevista\/wp-json\/wp\/v2\/comments?post=21720"}],"version-history":[{"count":1,"href":"https:\/\/dralvarez.com.mx\/larevista\/wp-json\/wp\/v2\/posts\/21720\/revisions"}],"predecessor-version":[{"id":36555,"href":"https:\/\/dralvarez.com.mx\/larevista\/wp-json\/wp\/v2\/posts\/21720\/revisions\/36555"}],"wp:featuredmedia":[{"embeddable":true,"href":"https:\/\/dralvarez.com.mx\/larevista\/wp-json\/wp\/v2\/media\/36556"}],"wp:attachment":[{"href":"https:\/\/dralvarez.com.mx\/larevista\/wp-json\/wp\/v2\/media?parent=21720"}],"wp:term":[{"taxonomy":"category","embeddable":true,"href":"https:\/\/dralvarez.com.mx\/larevista\/wp-json\/wp\/v2\/categories?post=21720"},{"taxonomy":"post_tag","embeddable":true,"href":"https:\/\/dralvarez.com.mx\/larevista\/wp-json\/wp\/v2\/tags?post=21720"}],"curies":[{"name":"wp","href":"https:\/\/api.w.org\/{rel}","templated":true}]}}