{"id":21718,"date":"2022-05-16T00:00:00","date_gmt":"2022-05-16T06:00:00","guid":{"rendered":"https:\/\/dralvarez.com.mx\/larevista\/blog\/club-de-padres-2"},"modified":"2024-02-23T12:48:30","modified_gmt":"2024-02-23T18:48:30","slug":"club-de-padres-2","status":"publish","type":"post","link":"https:\/\/dralvarez.com.mx\/larevista\/opiniones\/club-de-padres-2","title":{"rendered":"Club de Padres"},"content":{"rendered":"<p><b>Por: Jorge Valladares S\u00e1nchez.*<\/b><\/p>\n<p><b>En Facebook y en Youtube: Dr. Jorge Valladares.<\/b><\/p>\n<p><b><\/b><\/p>\n<blockquote><p><b>Club de Padres<\/b><br \/><i>Formando Hijos\/as Autosuficientes<\/i><\/p><\/blockquote>\n<p><i><\/i><\/p>\n<\/p>\n<p>No existe una escuela para padres. Nadie me ense\u00f1\u00f3 a<br \/>\nser padre\/madre. Frases que lucen verdaderas a primera vista y nos sirven para<br \/>\nprocurar empat\u00eda o justificarnos en un d\u00eda en que no hicimos o tememos que el<br \/>\nresultado de la tarea fue bastante malo.<\/p>\n<p>Los padres\/madres deben ser amigos de sus hijos\/as.<br \/>\nDebemos aplicar la disciplina con amor. Ser padres democr\u00e1ticos es la mejor<br \/>\nopci\u00f3n para nuestros hijos. Falacias que reflejan nuestro disfrute o tendencia<br \/>\na la poes\u00eda, pero no claridad en lo que nos corresponde hacer.<\/p>\n<p>Nadie va a decirme c\u00f3mo educar a mi hijo\/a. Un d\u00eda<br \/>\nagradecer\u00e1s que hoy te haga llorar. Los abuelos est\u00e1n para consentir. No hay<br \/>\nmadre\/padre que no d\u00e9 la vida por sus hijos\/as. Frases contundentes que sirven<br \/>\npara enfocar un sector de las acciones que procuran la buena formaci\u00f3n, a la<br \/>\nvez que se pueden convertir en verdaderos lastres en el ejercicio cotidiano de<br \/>\nla parentalidad.<\/p>\n<p>S\u00ed, tambi\u00e9n soy un rom\u00e1ntico del tema y por ello es mi<br \/>\nprimera carta de presentaci\u00f3n esa profesi\u00f3n y uso (o las us\u00e9 en algunos casos)<br \/>\nlas frases y digo que ser pap\u00e1 es la responsabilidad de vida m\u00e1s enriquecedora,<br \/>\nla dedicaci\u00f3n m\u00e1s trascendente y la experiencia m\u00e1s hermosa que yo conozco.<br \/>\nQuise pertenecer al gremio desde los 11 a\u00f1os, sin tener clara siquiera la v\u00eda<br \/>\nde ingreso a tener un hijo\/a; gracias a Ana y Ver\u00f3nica, sobrinas de mi mejor<br \/>\namigo, quienes a sus 2 a\u00f1os, con su originalidad y emotividad, alegraban mis<br \/>\nmomentos y activaban mis ideas sobre la vida y el vivir.<\/p>\n<p>S\u00ed, soy a la vez un cient\u00edfico del tema. Desde mi<br \/>\norigen profesional en la psicolog\u00eda fue mi tema m\u00e1s apasionante y al que he<br \/>\ndedicado m\u00e1s horas y an\u00e1lisis. Hice mis tesis de licenciatura, maestr\u00eda y<br \/>\nespecialidad sobre la parentalidad y la problem\u00e1tica que afrontan las familias.<br \/>\nMi primer rol como profesional fue en la psicolog\u00eda escolar y pronto en la<br \/>\ncl\u00ednica. Lo que comparto en estas l\u00edneas se ha gestado desde aquel 1990, cuando<br \/>\ntuve la fortuna de ser parte del sue\u00f1o de vida de mi amiga Lucero, en mi<br \/>\nentra\u00f1able Instituto Moderno Americano (IMA). <\/p>\n<p>Y luego de mucho andar con una gran cantidad y<br \/>\nvariedad de familias que me dieron ese breve espacio de acompa\u00f1amiento en sus<br \/>\nvidas, tuve 5 a\u00f1os para convertir la bodega que era inicialmente la Escuela de<br \/>\nEducaci\u00f3n Social para Menores Infractores en lo que fue (y me temo que ya no<br \/>\nes) el Centro Especializado en Aplicaci\u00f3n de Medidas para Adolescentes, gracias<br \/>\na la participaci\u00f3n de las familias de los que llam\u00e1bamos alumnos, un<br \/>\nmaravilloso equipo de personas y algunas de las ideas y t\u00e9cnicas generadas en<br \/>\nlos andares previos.<\/p>\n<p>Resumiendo esas 3 d\u00e9cadas, la convivencia con padres<br \/>\n(sin serlo a\u00fan) me llev\u00f3 a crear el Club de Padres; mi ciencia me llev\u00f3 a<br \/>\nentender la problem\u00e1tica y generar un modelo de aplicaci\u00f3n para acompa\u00f1arles a<br \/>\nformar hijos autosuficientes; la convivencia social y profesional con algunos<br \/>\nmiles de familias y mis ya 22 a\u00f1os ser pap\u00e1 me dieron el enfoque, prioridades y<br \/>\nhabilidad para compartir actualmente. Dejo algunas ideas aqu\u00ed y no me retiro<br \/>\nlentamente, sino que quedo a la disposici\u00f3n de compartir lo que para ti tenga<br \/>\nsentido, utilidad o potencial de ayudar a m\u00e1s familias.<\/p>\n<p>La primera versi\u00f3n de Club de Padres integr\u00f3 algunas<br \/>\nclaridades. Algunos padres\/madres necesitaban soporte social por provenir de<br \/>\notras ciudades o tener poco espacio social por sus ocupaciones; guiarles con un<br \/>\npoco de psicolog\u00eda y rodearla de un par de horas de convivencia y oportunidad<br \/>\nde hablar con pares de lo que les importaba, tuvo el \u00e9xito de conformar varios<br \/>\ngrupos convencidos de que hallaban all\u00ed una familia extensa.<\/p>\n<p>Mis iniciales talleres de parentalidad fueron<br \/>\nevolucionando con la retroalimentaci\u00f3n de familias que los tomaban y otras que<br \/>\nasist\u00edan a consulta cl\u00ednica; dejando como claridades adicionales la diversidad<br \/>\nde situaciones afrontadas por sus condiciones de vida, a la vez que algunas<br \/>\ncoincidencias en las dudas y formas efectivas o fallidas de llevar la convivencia<br \/>\nfamiliar y la educaci\u00f3n. Pude entender que, de todo lo que los libros y<br \/>\nespecialistas planteaban que deber\u00edan saber los padres y madres, s\u00f3lo hab\u00eda<br \/>\nacceso a compartir una parte, m\u00e1s bien peque\u00f1a, y su complejidad resultaba<br \/>\ninhibidora m\u00e1s que facilitadora. As\u00ed que tuve que priorizar los elementos del<br \/>\nmodelo de acompa\u00f1amiento.<\/p>\n<p>El rigor cient\u00edfico que fue el piso de varios de mis<br \/>\ngrados y el deleite por la metodolog\u00eda me abri\u00f3 la puerta a simplificar el<br \/>\nmodelo y a visualizar que desde varias aristas y situaciones es factible llegar<br \/>\nal n\u00facleo de lo que hace la diferencia en la formaci\u00f3n de los hijos\/as.<br \/>\nEntender que cada cabeza es un mundo, que lo \u00fanico que nos hace iguales es que<br \/>\nsomos \u00fanicos y que en cada familia se da una atm\u00f3sfera propia, me hizo construir<br \/>\nuna forma de que cualquier padre\/madre pudiera tomar lo que priorice a su modo,<br \/>\nen su tiempo y para sus fines algo que finalmente beneficie a la familia, y en<br \/>\nparticular a los hijos.<\/p>\n<p>Y as\u00ed gener\u00e9 el modelo llamado Bases para la Formaci\u00f3n<br \/>\nde Hijos Autosuficientes que ya en espacios previos La Revista me ha dado la<br \/>\noportunidad de compartir, y que es la sustancia, digamos te\u00f3rica o conceptual,<br \/>\nde lo que el Club de Padres ha hecho en sus diferentes etapas.<\/p>\n<p>El esquema de ese modelo parte de que son los padres\/madres<br \/>\nlos primeros responsables, pero adem\u00e1s las personas mejor posicionadas (en<br \/>\nmomento y amor) para brindar a los hijos\/as esas bases formativas, as\u00ed que<br \/>\nasegurar que las sepan aplicar es crucial para fortalecer la educaci\u00f3n y la<br \/>\nvida en sociedad.<\/p>\n<p>El ejercicio de la paternidad adem\u00e1s de sus<br \/>\ncomplejidades y belleza conlleva una natural, variante y constante<br \/>\nincertidumbre, porque es un desempe\u00f1o prioritario que se realiza con<br \/>\nconocimientos del pasado, en un presente continuo y en modificaci\u00f3n peri\u00f3dica y<br \/>\ncuyos resultados s\u00f3lo pueden conocerse en un futuro que se suele percibir<br \/>\ndistante y aciago.<\/p>\n<p>Si a esto sumamos las exigencias de la vida diaria que<br \/>\ndisminuyen constantemente los recursos de tiempo, econom\u00eda y claridad de lo que<br \/>\ncorresponde hacer en el rol parental, tenemos que entender que aunque la<br \/>\nterapia u orientaci\u00f3n sirva mucho, no es accesible o siquiera exitosa en grado<br \/>\n\u00f3ptimo para la mayor\u00eda, y lo mismo podemos decir de muchas experiencias m\u00e1s que<br \/>\ntienen utilidad de algunos casos, pero no de manera generalizada ni est\u00e1n al<br \/>\nalcance para todos los padres\/madres.<\/p>\n<p>De all\u00ed la versi\u00f3n actualizada de lo que eleg\u00ed llamar<br \/>\nClub de Padres. No escuela; en principio porque no lo es, pero adem\u00e1s porque la<br \/>\nmisma connotaci\u00f3n tiene una carga muy inadecuada para la mayor\u00eda de los<br \/>\nadultos, adem\u00e1s de que la estructura habitual del aprendizaje en una escuela no<br \/>\ncorresponde con el ritmo de vida de los padres\/madres y menos con la din\u00e1mica<br \/>\nde lo que ocurre en la vida familiar.<\/p>\n<p>Un Club en cambio es un punto de comuni\u00f3n donde quien<br \/>\nquiera se une en la forma en la que le agrade, sirva o pueda, para obtener en<br \/>\nel grado que tome, elija o logre lo que en un momento sea adecuado para \u00e9l\/ella<br \/>\no su familia, as\u00ed como quedan a disponibilidad las dem\u00e1s opciones de<br \/>\nacompa\u00f1amiento que en otro momento, condici\u00f3n o problem\u00e1tica pueda ver como<br \/>\nadecuadas para s\u00ed o su familia.<\/p>\n<p>En una etapa reciente el Club de Padres inclu\u00eda<br \/>\nefectivamente consultas de terapia o consejo para quienes en ello hallaran el<br \/>\npunto adecuado de acompa\u00f1amiento para su familia en esa labor central de formar<br \/>\nhijos autosuficientes. A la vez que se podr\u00eda optar o acceder por v\u00edas<br \/>\ndiferentes, como grupos de conversaci\u00f3n entre padres\/madres, conferencias o<br \/>\ncharlas, talleres de desarrollo de competencias parentales, diagn\u00f3sticos<br \/>\nespecializados, u orientaci\u00f3n por v\u00edas electr\u00f3nicas o revisi\u00f3n de materiales<br \/>\ncon supervisi\u00f3n. La idea central es que cada persona tenga la experiencia que<br \/>\nle sirva para poder dar un paso m\u00e1s en su labor formativa y a partir de ese<br \/>\npaso quede abierta la puerta a sentirse parte de un acompa\u00f1amiento disponible,<br \/>\npero no obligatorio ni invasivo.<\/p>\n<p>Escuelas, familias, padres\/madre en lo individual, as\u00ed<br \/>\ncomo instituciones p\u00fablicas y una que otra organizaci\u00f3n han conocido este modo<br \/>\nde fortalecer a las familias, y lo que viene es trazar las rutas para<br \/>\nconsolidarlo en la mayor cantidad de espacios disponibles para que sirva de<br \/>\nuni\u00f3n entre lo que necesitan y desean los padres, lo que sirve a cada familia,<br \/>\nlo que tienen por funci\u00f3n diversas instituciones y los servicios profesionales<br \/>\ny sociales que brindan organizaciones y profesionales. Esta suma virtuosa tiene<br \/>\nun solo n\u00facleo: contribuir a la autosuficiencia de los hijos\/as a tiempo o de<br \/>\ncualquier persona aunque haya quien pueda pensar que ya es demasiado tarde.<\/p>\n<p>Con afecto y la convicci\u00f3n de que podemos juntos hacer<br \/>\nm\u00e1s para esta finalidad, pongo a tu disposici\u00f3n la posibilidad de incluirte sin<br \/>\ncosto en un grupo de Club de Padres que generar\u00e9 en el mes de junio, as\u00ed como<br \/>\nla posibilidad de una conversaci\u00f3n en vivo o en video conferencia con tu gente,<br \/>\ntambi\u00e9n sin costo, sobre lo que podemos hacer como padres\/madres si nos<br \/>\nreunimos y enfocamos lo que queremos lograr. S\u00f3lo escr\u00edbeme y lo hacemos:<br \/>\ndr.jorge.valladares@gmail.com<\/p>\n<p>\u00bfPor qu\u00e9 la autosuficiencia y no la felicidad u otro<br \/>\nbien preciado? Te respondo de dos maneras y las conversamos en detalle si tomas<br \/>\nalguna de las ofertas del p\u00e1rrafo anterior. En frases de sentido com\u00fan, pero<br \/>\nreales, nadie hace feliz a nadie. En art\u00edculo previo he desarrollado estas<br \/>\nideas;  en s\u00edntesis, cada persona es<br \/>\nquien, de acuerdo con su naturaleza, experiencias y expectativas, define lo que<br \/>\nle hace feliz y se ocupa, o no, de serlo. <\/p>\n<p>La oportunidad preciosa que tenemos como padres\/madres<br \/>\no personas que amamos genuinamente a alguien es la de acompa\u00f1arle para<br \/>\nconstruir tres cualidades que en suma generan la autosuficiencia, para que con<br \/>\nella sepamos definir y andar en lo que consideremos felicidad. El momento<br \/>\nformativo \u00f3ptimo efectivamente es la ni\u00f1ez, como en muchas otras \u00e1reas del<br \/>\ndesarrollo humano; pero la buena noticia es que en cualquier edad podemos<br \/>\nseguir formando esa cualidad de autosuficiencia y las personas alrededor pueden<br \/>\ny suelen contribuir a ello.<\/p>\n<p>La segunda es porque la autosuficiencia es el<br \/>\nresultado de la seguridad en s\u00ed mismo\/a, que surge de las adecuadas,<br \/>\nsuficientes y constantes experiencias de amor; de la adaptabilidad, que se<br \/>\nadquiere a trav\u00e9s de nutrirse de vivencias suficientes, adecuadas y constantes<br \/>\nde disciplina (entendida en su calidad formativa); y de lograr eficiencia en el<br \/>\nmanejo de nuestros recursos, que se adquiere al aprender a aprovechar las<br \/>\noportunidades que tenemos a lo largo de nuestro vivir.<\/p>\n<p>Hace unos d\u00edas, ante el art\u00edculo que escribo a inicios<br \/>\nde mes sobre temas de ciudadan\u00eda y democracia, una buena amiga, Addy, coincid\u00eda<br \/>\nen algunas ideas, y remat\u00f3 diciendo: \u201cLa forma de cambiar est\u00e1 en las familias;<br \/>\nla familia es el centro y motor de la sociedad y hoy est\u00e1 muy da\u00f1ada\u201d. Podr\u00eda<br \/>\na\u00f1adirlo a la secci\u00f3n de frases contundentes, que amerita apuntar que en el<br \/>\nfondo describe una realidad que, de tan obvia, olvidamos frecuentemente<br \/>\natender; a la vez que puede distraernos del hecho de que con la formaci\u00f3n<br \/>\nrecibida y a pesar de la convivencia que se mantenga en el ambiente familiar,<br \/>\nel mundo tiene activas varias facetas m\u00e1s en las que tenemos que desenvolvernos<br \/>\ncon efectividad. <\/p>\n<p>El punto que le da toda la contundencia a la frase y<br \/>\nla materializa de caso en caso, propongo, es que cuando las familias forman a<br \/>\nsus integrantes en la autosuficiencia, esas personas salen a todos los dem\u00e1s<br \/>\n\u00e1mbitos a ser agentes de aut\u00e9ntica humanidad, generadores de convivencia<br \/>\npositiva y de mejoras en el mundo y la sociedad. As\u00ed, amiga, coincidimos<br \/>\nplenamente: En la familia est\u00e1 la soluci\u00f3n de todo, fortalecerla es la clave. <\/p>\n<p>As\u00ed que si te animas, y en especial si tu familia lo<br \/>\nnecesita, escr\u00edbeme e int\u00e9grate al Club de Padres. Con gusto revisamos las<br \/>\nfrases provocadoras que puse en los primeros p\u00e1rrafos o compartimos cualquier<br \/>\notro punto del andar en esta maravilla que es formar a los hijos\/as.<\/p>\n<p>&#8212;&#8212;&#8212;&#8212;&#8212;&#8212;&#8212;&#8212;&#8212;&#8212;&#8212;&#8212;&#8212;&#8212;&#8212;&#8212;&#8212;&#8212;&#8212;&#8212;&#8212;&#8212;-<br \/>*<b>Jorge Valladares S\u00e1nchez<\/b><br \/>Pap\u00e1, Ciudadano, Consultor.<br \/>Especialista, Maestro y Licenciado en Psicolog\u00eda<br \/>Doctor en Ciencias Sociales.<br \/>Doctor en Derechos Humanos.<br \/>Presidente de AME Adolescentes, A.C.<\/p><\/p>\n","protected":false},"excerpt":{"rendered":"<p>Formando Hijos\/as Autosuficientes<\/p>\n","protected":false},"author":1112,"featured_media":36554,"comment_status":"open","ping_status":"open","sticky":false,"template":"","format":"standard","meta":{"tdm_status":"","tdm_grid_status":"","footnotes":""},"categories":[25],"tags":[],"_links":{"self":[{"href":"https:\/\/dralvarez.com.mx\/larevista\/wp-json\/wp\/v2\/posts\/21718"}],"collection":[{"href":"https:\/\/dralvarez.com.mx\/larevista\/wp-json\/wp\/v2\/posts"}],"about":[{"href":"https:\/\/dralvarez.com.mx\/larevista\/wp-json\/wp\/v2\/types\/post"}],"author":[{"embeddable":true,"href":"https:\/\/dralvarez.com.mx\/larevista\/wp-json\/wp\/v2\/users\/1112"}],"replies":[{"embeddable":true,"href":"https:\/\/dralvarez.com.mx\/larevista\/wp-json\/wp\/v2\/comments?post=21718"}],"version-history":[{"count":1,"href":"https:\/\/dralvarez.com.mx\/larevista\/wp-json\/wp\/v2\/posts\/21718\/revisions"}],"predecessor-version":[{"id":36553,"href":"https:\/\/dralvarez.com.mx\/larevista\/wp-json\/wp\/v2\/posts\/21718\/revisions\/36553"}],"wp:featuredmedia":[{"embeddable":true,"href":"https:\/\/dralvarez.com.mx\/larevista\/wp-json\/wp\/v2\/media\/36554"}],"wp:attachment":[{"href":"https:\/\/dralvarez.com.mx\/larevista\/wp-json\/wp\/v2\/media?parent=21718"}],"wp:term":[{"taxonomy":"category","embeddable":true,"href":"https:\/\/dralvarez.com.mx\/larevista\/wp-json\/wp\/v2\/categories?post=21718"},{"taxonomy":"post_tag","embeddable":true,"href":"https:\/\/dralvarez.com.mx\/larevista\/wp-json\/wp\/v2\/tags?post=21718"}],"curies":[{"name":"wp","href":"https:\/\/api.w.org\/{rel}","templated":true}]}}