{"id":21710,"date":"2022-05-16T00:00:00","date_gmt":"2022-05-16T06:00:00","guid":{"rendered":"https:\/\/dralvarez.com.mx\/larevista\/blog\/ahora-cuidamos-a-las-bandas-criminales"},"modified":"2024-02-23T12:48:16","modified_gmt":"2024-02-23T18:48:16","slug":"ahora-cuidamos-a-las-bandas-criminales","status":"publish","type":"post","link":"https:\/\/dralvarez.com.mx\/larevista\/opiniones\/ahora-cuidamos-a-las-bandas-criminales","title":{"rendered":"\u201cAhora cuidamos a las bandas criminales\u201d"},"content":{"rendered":"<p><b><i>Razones<\/i>, por:&nbsp;Jorge Fern\u00e1ndez Men\u00e9ndez.&nbsp;<\/b><\/p>\n<\/p>\n<p>Pocas veces el presidente L\u00f3pez Obrador ha tenido una<br \/>\nexpresi\u00f3n tan desafortunada como la de esta semana, cuando dijo que los<br \/>\nelementos de las Fuerzas Armadas que vimos en un video perseguidos, amenazados,<br \/>\ninsultados, por un convoy de sicarios en las calles de Nueva Italia, Michoac\u00e1n,<br \/>\nen pleno d\u00eda, no hab\u00edan reaccionado porque ahora \u201ccuidamos a los elementos de<br \/>\nlas Fuerzas Armadas, de la Defensa, de la Guardia Nacional, pero tambi\u00e9n<br \/>\ncuidamos a los integrantes de las bandas, porque son seres humanos\u201d. <\/p>\n<p>Perd\u00f3n, pero el Estado mexicano existe para proteger a<br \/>\nlos ciudadanos y a sus instituciones de este tipo de grupos criminales<br \/>\norganizados que vulneran el derecho a la paz, la convivencia y la prosperidad.<br \/>\nEl Estado no est\u00e1 para cuidar a los criminales y sus bandas, est\u00e1 para<br \/>\ncombatirlos. Nadie dice que se tenga que recurrir siempre a la violencia para<br \/>\nello, pero lo que estamos viviendo es exactamente lo contrario: los que ejercen<br \/>\nla violencia contra los ciudadanos son los criminales, los casi 130 mil muertos<br \/>\nen lo que va del sexenio, la cifra m\u00e1s alta de la historia, los cien mil<br \/>\ndesaparecidos, el tercio del territorio nacional que no est\u00e1 bajo control del<br \/>\nEstado mexicano, las masacres que se suceden cada semana son la demostraci\u00f3n de<br \/>\nque ese \u201ccuidado a las bandas criminales\u201d es un sinsentido que tiene un<br \/>\nalt\u00edsimo costo para la sociedad y para las instituciones. <\/p>\n<p>No s\u00f3lo porque las demerita, sino tambi\u00e9n porque sus<br \/>\nelementos son cada vez m\u00e1s agredidos por las bandas criminales que operan<br \/>\nmuchas veces, como en el caso de Nueva Italia, con total impunidad. Un dato<br \/>\nsolamente: desde que comenz\u00f3 el sexenio, cada d\u00eda un polic\u00eda es asesinado en el<br \/>\npa\u00eds. Un polic\u00eda por d\u00eda. Ning\u00fan d\u00eda concluye con, por lo menos, 70 homicidios<br \/>\ny estos superan, en ocasiones, el centenar. No s\u00e9 si se \u201ccuida a las bandas\u201d<br \/>\ncriminales, pero definitivamente no se cuida ni a la ciudadan\u00eda ni a las<br \/>\ninstituciones. <\/p>\n<p>En Palacio Nacional, el presidente L\u00f3pez Obrador<br \/>\ntambi\u00e9n sostuvo que no responder a las agresiones de los criminales fue \u201cuna<br \/>\nactitud responsable\u201d. Perd\u00f3n, pero es otra falacia. Podr\u00eda ser una actitud<br \/>\nresponsable si los sicarios hubieran sido perseguidos, detenidos, procesados.<br \/>\nNada de eso ocurri\u00f3. En todo caso, m\u00e1s que preocuparse por proteger a las<br \/>\nbandas, habr\u00eda que preocuparse, y mucho, porque a plena luz del d\u00eda circulen<br \/>\npor las ciudades convoyes de sicarios armados que incluso se dan el lujo de<br \/>\nagredir a militares sin que pase absolutamente nada. <\/p>\n<p>Michoac\u00e1n, lo hemos dicho muchas veces, es un<br \/>\nlaboratorio del narcotr\u00e1fico. Lo que ocurre en ese estado suele trasminarse<br \/>\ncasi siempre al resto del pa\u00eds. Y desde hace meses las fuerzas de seguridad y<br \/>\nmilitares son atacados con impunidad por los grupos criminales y eso se ha<br \/>\ncontagiado a otros puntos del pa\u00eds. La persecuci\u00f3n de Nueva Italia es una<br \/>\ndemostraci\u00f3n de ello, pero es parte de una l\u00f3gica que hemos visto una y otra<br \/>\nvez en comunidades, en ciudades, en ataques a militares y miembros de la<br \/>\nGuardia Nacional, en agresiones con drones contra ellos y sus unidades, con<br \/>\nataques incluso contra instalaciones militares. Hace unas semanas ve\u00edamos, en<br \/>\nSinaloa, c\u00f3mo un grupo de sicarios tomaba un campamento militar, desarmaba a<br \/>\nlos soldados, los golpeaba, humillaba, insultaba. Vimos c\u00f3mo Caborca, en<br \/>\nSonora, fue tomada por grupos criminales que se trasladaron durante kil\u00f3metros<br \/>\nen un convoy armado por carreteras federales sin que nadie los molestara. Hemos<br \/>\nvisto c\u00f3mo marinos y militares son secuestrados como medida de presi\u00f3n ante una<br \/>\ndetenci\u00f3n. <\/p>\n<p>Es verdad lo que dice el Presidente: ya no es como<br \/>\nantes. Este tipo de agresiones contra las instituciones y la sociedad no las<br \/>\nve\u00edamos antes. El grado de empoderamiento criminal que estamos viviendo, donde<br \/>\nestos grupos se sienten con poder y capacidad para tomar comunidades, pueblos,<br \/>\noperar a plena luz del d\u00eda en ciudades y territorios, es in\u00e9dito. <\/p>\n<p>Las administraciones Fox, Calder\u00f3n y Pe\u00f1a Nieto<br \/>\ncometieron, en distinto grado, errores en la lucha contra el crimen organizado,<br \/>\npero lo que estamos viendo y viviendo en los \u00faltimos tiempos no tiene parang\u00f3n<br \/>\ny los resultados de \u201ccuidar a las bandas\u201d no ha generado beneficio alguno para<br \/>\nla sociedad y las instituciones. Lo que existe es impunidad. Los mayores da\u00f1os<br \/>\nque sufren los grupos criminales son los que devienen de sus propios<br \/>\nenfrentamientos. <\/p>\n<p>En una entrevista que nos concedi\u00f3 para el libro La<br \/>\nnueva guerra, del Chapo al fentanilo (2021, Grijalbo) el general Luis Cresencio<br \/>\nSandoval nos dec\u00eda que \u201clas Fuerzas Armadas, dijo el secretario de la Defensa,<br \/>\nseguimos realizando operaciones y cumpliendo tareas en beneficio de la<br \/>\nseguridad, pero existen aspectos que nos ha encargado mucho el Presidente.<br \/>\nPrimero, el respeto irrestricto a los derechos humanos y, segundo, la correcta<br \/>\naplicaci\u00f3n de la Ley Nacional del Uso de la Fuerza, siendo muy enf\u00e1tico en<br \/>\nello\u201d. Tambi\u00e9n insisti\u00f3 en que esas instrucciones no buscaron debilitar su<br \/>\naccionar. \u201cAl insistir en el respeto a los derechos humanos, se gener\u00f3 entre<br \/>\nlas tropas una confusi\u00f3n que los hizo titubear al actuar en ciertos casos,<br \/>\nteniendo como consecuencia agresiones por parte de algunas personas detractoras<br \/>\nde la ley. Pero esa no fue una instrucci\u00f3n del se\u00f1or Presidente, jam\u00e1s indic\u00f3<br \/>\nque nos dej\u00e1ramos golpear; al contrario, expres\u00f3 su preocupaci\u00f3n por esos<br \/>\nhechos, manifestando que no pod\u00edamos seguir permitiendo que golpearan a nuestros<br \/>\nsoldados\u201d. Por eso mismos no se puede \u201ccuidar a las bandas\u201d criminales \u201cigual\u201d<br \/>\nque a los elementos militares, como dijo el Presidente. No son lo mismo, no son<br \/>\niguales, no es justo ni sensato.<\/p><\/p>\n","protected":false},"excerpt":{"rendered":"<p>Razones.<\/p>\n","protected":false},"author":1036,"featured_media":36546,"comment_status":"open","ping_status":"open","sticky":false,"template":"","format":"standard","meta":{"tdm_status":"","tdm_grid_status":"","footnotes":""},"categories":[25],"tags":[],"_links":{"self":[{"href":"https:\/\/dralvarez.com.mx\/larevista\/wp-json\/wp\/v2\/posts\/21710"}],"collection":[{"href":"https:\/\/dralvarez.com.mx\/larevista\/wp-json\/wp\/v2\/posts"}],"about":[{"href":"https:\/\/dralvarez.com.mx\/larevista\/wp-json\/wp\/v2\/types\/post"}],"author":[{"embeddable":true,"href":"https:\/\/dralvarez.com.mx\/larevista\/wp-json\/wp\/v2\/users\/1036"}],"replies":[{"embeddable":true,"href":"https:\/\/dralvarez.com.mx\/larevista\/wp-json\/wp\/v2\/comments?post=21710"}],"version-history":[{"count":1,"href":"https:\/\/dralvarez.com.mx\/larevista\/wp-json\/wp\/v2\/posts\/21710\/revisions"}],"predecessor-version":[{"id":36545,"href":"https:\/\/dralvarez.com.mx\/larevista\/wp-json\/wp\/v2\/posts\/21710\/revisions\/36545"}],"wp:featuredmedia":[{"embeddable":true,"href":"https:\/\/dralvarez.com.mx\/larevista\/wp-json\/wp\/v2\/media\/36546"}],"wp:attachment":[{"href":"https:\/\/dralvarez.com.mx\/larevista\/wp-json\/wp\/v2\/media?parent=21710"}],"wp:term":[{"taxonomy":"category","embeddable":true,"href":"https:\/\/dralvarez.com.mx\/larevista\/wp-json\/wp\/v2\/categories?post=21710"},{"taxonomy":"post_tag","embeddable":true,"href":"https:\/\/dralvarez.com.mx\/larevista\/wp-json\/wp\/v2\/tags?post=21710"}],"curies":[{"name":"wp","href":"https:\/\/api.w.org\/{rel}","templated":true}]}}