{"id":21706,"date":"2022-05-16T00:00:00","date_gmt":"2022-05-16T06:00:00","guid":{"rendered":"https:\/\/dralvarez.com.mx\/larevista\/blog\/cumbre-de-las-americas"},"modified":"2024-02-23T12:48:09","modified_gmt":"2024-02-23T18:48:09","slug":"cumbre-de-las-americas","status":"publish","type":"post","link":"https:\/\/dralvarez.com.mx\/larevista\/opiniones\/cumbre-de-las-americas","title":{"rendered":"Cumbre de las Am\u00e9ricas"},"content":{"rendered":"<p><b><i>Contacto con la Pol\u00edtica Nacional<\/i>, por:&nbsp;Baltasar Barbolla.&nbsp;<\/b><\/p>\n<\/p>\n<p>-Estoy de acuerdo con que <b>L\u00f3pez Obrador<\/b> haya decidido no asistir a la Cumbre de las Am\u00e9ricas<br \/>\nsi se excluye a Cuba, Venezuela y Nicaragua porque creo que es un sinsentido<br \/>\nexcluir a pa\u00edses de un evento que deber\u00eda reunir a todos los mandatarios del<br \/>\ncontinente americano. \u2013expres\u00f3 el editorialista para continuar con nuestra ya<br \/>\ntradicional pl\u00e1tica en el Balmoral- Sin embargo, me parece preocupante que se<br \/>\nse\u00f1ale a nuestro presidente como l\u00edder del presunto boicot en contra de la<br \/>\nCumbre pues esto podr\u00eda complicar las relaciones entre M\u00e9xico y Estados Unidos.<\/p>\n<p>&#8211; \u00bfCu\u00e1ndo ser\u00e1 la Cumbre? \u2013pregunt\u00f3 el escritor- Seg\u00fan<br \/>\nhe podido leer, ser\u00e1 en Los \u00c1ngeles, \u00bfcierto?<\/p>\n<p>-As\u00ed es, amigo escritor. \u2013respondi\u00f3 la periodista- La<br \/>\nIX Cumbre de las Am\u00e9ricas se celebrar\u00e1 del 6 al 10 de junio en Los \u00c1ngeles,<br \/>\nCalifornia. Estados Unidos no hab\u00eda sido anfitri\u00f3n del evento desde la primera<br \/>\nedici\u00f3n, la cual se llev\u00f3 a cabo en Miami, Florida en 1994. El presidente<br \/>\nestadounidense de aquel entonces, <b>Bill<br \/>\nClinton<\/b>, ten\u00eda la intenci\u00f3n de crear una zona de libre comercio en el<br \/>\ncontinente, pero el proyecto no se pudo concretar por falta de acuerdos entre<br \/>\nlos pa\u00edses. Debido a esto, varios analistas han criticado a la Cumbre desde<br \/>\nhace a\u00f1os pues consideran que es un evento poco efectivo ya que no produce<br \/>\nacciones multilaterales, s\u00f3lo re\u00fane a los mandatarios.<\/p>\n<p>-Para el gobierno de <b>Joe Biden<\/b> es muy \u00fatil ser anfitri\u00f3n de la Cumbre de las Am\u00e9ricas en<br \/>\nestos momentos pues le da herramientas para contrarrestar el aumento de<br \/>\ninfluencia que China y Rusia han tenido en el continente durante los \u00faltimos<br \/>\na\u00f1os. Adem\u00e1s, la Cumbre le permitir\u00e1 discutir y llegar a acuerdos sobre la<br \/>\nmigraci\u00f3n ilegal, tema de suma relevancia para el electorado de su pa\u00eds. Por<br \/>\nesto \u00faltimo, ser\u00eda significativa la asistencia de <b>L\u00f3pez Obrador<\/b> a la Cumbre dada la importancia de la frontera<br \/>\nM\u00e9xico-Estados Unidos para dicho tema.<\/p>\n<p>-Se supon\u00eda que el presidente Andr\u00e9s Manuel si iba a<br \/>\nasistir. \u2013intervino la empresaria- A principios de marzo, el Canciller <b>Marcelo Ebrard<\/b> confirm\u00f3 la asistencia<br \/>\ndel presidente a la Cumbre despu\u00e9s de haber tenido una reuni\u00f3n con el alcalde<br \/>\nde Los \u00c1ngeles. Aproximadamente una semana despu\u00e9s, el mismo L\u00f3pez Obrador dijo<br \/>\nque era muy probable que fuera a la Cumbre, aunque aclar\u00f3 que primero quer\u00eda<br \/>\nver c\u00f3mo ser\u00eda el evento para ver si le conven\u00eda.<\/p>\n<p>-En efecto, amiga empresaria. \u2013asinti\u00f3 el pol\u00edtico-<br \/>\nParec\u00eda que nuestro presidente s\u00ed planeaba asistir a dicho evento, pero cambi\u00f3<br \/>\nde parecer cuando Cuba le reproch\u00f3 que Estados Unidos ten\u00eda la intenci\u00f3n de<br \/>\nexcluirla. A finales de abril, el Canciller cubano, <b>Bruno Rodr\u00edguez<\/b>, denunci\u00f3 que el gobierno norteamericano no<br \/>\nplaneaba invitar a su pa\u00eds a la Cumbre y se\u00f1al\u00f3 que esto representaba un<br \/>\nretroceso en la relaci\u00f3n entre ambos pa\u00edses pues desde hace dos Cumbres se le<br \/>\nhab\u00eda permitido asistir.<\/p>\n<p>-Fue en la Cumbre de Panam\u00e1 2015 cuando Cuba asisti\u00f3<br \/>\npor primera vez. Esto fue posible gracias a que el expresidente <b>Barak Obama <\/b>le pidi\u00f3 al gobierno de<br \/>\nPanam\u00e1 considerar a la isla. De hecho, seguro recordar\u00e1n que en este evento se<br \/>\ntom\u00f3 una postal hist\u00f3rica con el saludo de mano que se dieron el entonces<br \/>\npresidente estadounidense y el entonces presidente cubano, <b>Ra\u00fal Castro<\/b>.<\/p>\n<p>-C\u00f3mo olvidarlo si la reuni\u00f3n entre Obama y Castro<br \/>\nrepresent\u00f3 un cambio radical en las relaciones entre Estados Unidos y Cuba.<br \/>\nDesafortunadamente, este cambio dur\u00f3 poco pues la administraci\u00f3n de <b>Donald Trump<\/b> retom\u00f3 la hostilidad en<br \/>\ncontra de la isla. Ya que Biden fue vicepresidente durante la administraci\u00f3n de<br \/>\nObama, parec\u00eda que las relaciones tendr\u00edan un cambio positivo, pero ha habido<br \/>\nfuertes tensiones entre ambos pa\u00edses tras las protestas en Cuba del a\u00f1o pasado,<br \/>\nlas m\u00e1s grandes desde la Revoluci\u00f3n de 1959. El gobierno estadounidense<br \/>\nreproch\u00f3 la represi\u00f3n ejercida por el gobierno cubano, mientras que este \u00faltimo<br \/>\ndenunci\u00f3 que el gobierno estadounidense estuvo detr\u00e1s de dichas protestas.<br \/>\n\u2013explic\u00f3 el analista<\/p>\n<p>-De manera p\u00fablica, el presidente L\u00f3pez Obrador le<br \/>\npidi\u00f3 en varias ocasiones al gobierno norteamericano reconsiderar su posici\u00f3n.<br \/>\nIncluso, fue un punto clave en los mensajes que dio durante su exitosa gira por<br \/>\nCentroam\u00e9rica y Caribe. \u2013comparti\u00f3 el consultor- Por cierto, durante la gira,<br \/>\nel gobierno cubano le otorg\u00f3 a nuestro presidente la condecoraci\u00f3n <b>\u201cJos\u00e9 Mart\u00ed\u201d<\/b>, la cual han recibido en<br \/>\nel pasado figuras como <b>Evo Morales<\/b>, <b>Salvador Allende<\/b>, <b>Nicol\u00e1s Maduro<\/b>, <b>Vladimir<br \/>\nPutin<\/b> y <b>Felipe Gonz\u00e1lez<\/b>.<\/p>\n<p>-Las pretensiones de excluir a Cuba, Venezuela y<br \/>\nNicaragua de la Cumbre eran s\u00f3lo rumores hasta que el 2 de mayo el gobierno<br \/>\nestadounidense lo confirm\u00f3. Seg\u00fan explic\u00f3 <b>Brian<br \/>\nNichols<\/b>, jefe de diplomacia estadounidense para la regi\u00f3n, el presidente <b>Joe Biden<\/b> no considera que los<br \/>\nmandatarios de estos pa\u00edses se apegan a los valores democr\u00e1ticos. Si me<br \/>\npreguntan, este razonamiento es sumamente subjetivo pues, si se analizara el<br \/>\nactuar de todos los mandatarios americanos de manera objetiva, se tendr\u00eda que<br \/>\nexcluir a m\u00e1s de 3 pa\u00edses.<\/p>\n<p>-Horas antes de que se anunciara esto que nos comenta<br \/>\nBaltasar, el presidente L\u00f3pez Obrador hab\u00eda dicho durante la \u201cma\u00f1anera\u201d del 2<br \/>\nde mayo que tuvo una llamada con Joe Biden y le pidi\u00f3 directamente que invitara<br \/>\na todos los mandatarios del continente. De acuerdo a nuestro presidente, Biden<br \/>\nle respondi\u00f3 que lo pensar\u00eda. \u2013expuso la empresaria- Al parecer no lo pens\u00f3<br \/>\nmucho.<\/p>\n<p>-De lo que pude leer en las noticias, Andr\u00e9s Manuel<br \/>\nsigui\u00f3 insisti\u00e9ndole al gobierno norteamericano que reconsiderara la decisi\u00f3n<br \/>\nde excluir a los 3 pa\u00edses mencionados hasta que en la \u201cma\u00f1anera\u201d del 10 de mayo<br \/>\namag\u00f3 con no ir a la Cumbre si no se invitaba a todos los mandatarios; en su<br \/>\nlugar, ir\u00eda Ebrard. \u2013intervino el analista- Nuestro presidente afirm\u00f3 que las<br \/>\ndiferencias se resolv\u00edan con di\u00e1logo y que nadie ten\u00eda derecho a excluir.<\/p>\n<p>-\u00c9sta es una postura muy interesante pues, le guste o<br \/>\nno a opositores, la raz\u00f3n le asiste al presidente. Es cierto que los gobiernos<br \/>\nde Cuba, Venezuela y Nicaragua han cometido m\u00faltiples excesos, pero excluirlos<br \/>\nno resolver\u00eda ning\u00fan problema, solo continuar\u00eda una estrategia de aislamiento<br \/>\nforzado que L\u00f3pez Obrador ha criticado en diversas ocasiones. \u2013opin\u00f3 el<br \/>\neditorialista<\/p>\n<p>-A\u00f1adiendo a lo que platica nuestro amigo<br \/>\neditorialista, creo que la advertencia de Andr\u00e9s Manuel fue efectiva pues, el<br \/>\nmismo d\u00eda, el gobierno estadounidense rectific\u00f3 su postura al responder que las<br \/>\ninvitaciones para la Cumbre todav\u00eda no se enviaban, dando a entender que a\u00fan no<br \/>\ndecid\u00edan si invitar\u00eda a todos. \u2013expuso el consultor<\/p>\n<p>-Pudo haber sido efectiva, pero eso no significa que<br \/>\nhaya sido prudente. \u2013sostuvo la abogada- Despu\u00e9s de la amenaza de L\u00f3pez<br \/>\nObrador, otros pa\u00edses expresaron su rechazo a que se excluya a Cuba, Venezuela<br \/>\ny Nicaragua de la Cumbre. Por ejemplo, el presidente de Bolivia manifest\u00f3 que<br \/>\ntampoco se presentar\u00eda a Los \u00c1ngeles si no se invitaba a todos los mandatarios,<br \/>\nmientras que pa\u00edses como Argentina y Honduras se solidarizaron con esta<br \/>\nexigencia, aunque dijeron que s\u00ed asistir\u00e1n al evento. Estas reacciones hacen<br \/>\nparecer, como dijo nuestro amigo editorialista en un principio, que existe un<br \/>\nboicot liderado por Andr\u00e9s Manuel en contra de la Cumbre.<\/p>\n<p>-Eventualmente veremos las repercusiones de la amenaza<br \/>\nde <b>L\u00f3pez Obrador<\/b> y si esto le<br \/>\nrepresentar\u00e1 represalias por parte de <b>Joe<br \/>\nBiden<\/b>. Yo creo que s\u00ed pues el presidente norteamericano ha tenido problemas<br \/>\npara consolidar su liderazgo y ha sido criticado por \u201cd\u00e9bil\u201d en m\u00e1s de una<br \/>\nocasi\u00f3n. Adem\u00e1s, como ya comentaron, el tema migratorio tiene un peso electoral<br \/>\nimportante, lo cual significa que lo podr\u00eda afectar de forma positiva o<br \/>\nnegativa, dependiendo de c\u00f3mo lo maneje. \u2013concluy\u00f3 la periodista.<\/p><\/p>\n","protected":false},"excerpt":{"rendered":"<p>Contacto con la Pol\u00edtica Nacional.<\/p>\n","protected":false},"author":1114,"featured_media":36542,"comment_status":"open","ping_status":"open","sticky":false,"template":"","format":"standard","meta":{"tdm_status":"","tdm_grid_status":"","footnotes":""},"categories":[25],"tags":[],"_links":{"self":[{"href":"https:\/\/dralvarez.com.mx\/larevista\/wp-json\/wp\/v2\/posts\/21706"}],"collection":[{"href":"https:\/\/dralvarez.com.mx\/larevista\/wp-json\/wp\/v2\/posts"}],"about":[{"href":"https:\/\/dralvarez.com.mx\/larevista\/wp-json\/wp\/v2\/types\/post"}],"author":[{"embeddable":true,"href":"https:\/\/dralvarez.com.mx\/larevista\/wp-json\/wp\/v2\/users\/1114"}],"replies":[{"embeddable":true,"href":"https:\/\/dralvarez.com.mx\/larevista\/wp-json\/wp\/v2\/comments?post=21706"}],"version-history":[{"count":1,"href":"https:\/\/dralvarez.com.mx\/larevista\/wp-json\/wp\/v2\/posts\/21706\/revisions"}],"predecessor-version":[{"id":36541,"href":"https:\/\/dralvarez.com.mx\/larevista\/wp-json\/wp\/v2\/posts\/21706\/revisions\/36541"}],"wp:featuredmedia":[{"embeddable":true,"href":"https:\/\/dralvarez.com.mx\/larevista\/wp-json\/wp\/v2\/media\/36542"}],"wp:attachment":[{"href":"https:\/\/dralvarez.com.mx\/larevista\/wp-json\/wp\/v2\/media?parent=21706"}],"wp:term":[{"taxonomy":"category","embeddable":true,"href":"https:\/\/dralvarez.com.mx\/larevista\/wp-json\/wp\/v2\/categories?post=21706"},{"taxonomy":"post_tag","embeddable":true,"href":"https:\/\/dralvarez.com.mx\/larevista\/wp-json\/wp\/v2\/tags?post=21706"}],"curies":[{"name":"wp","href":"https:\/\/api.w.org\/{rel}","templated":true}]}}