{"id":21698,"date":"2022-05-14T00:00:00","date_gmt":"2022-05-14T06:00:00","guid":{"rendered":"https:\/\/dralvarez.com.mx\/larevista\/blog\/es-lopez-obrador-la-punta-de-lanza-de-la-izquierda-en-america-latina"},"modified":"2024-02-23T12:47:36","modified_gmt":"2024-02-23T18:47:36","slug":"es-lopez-obrador-la-punta-de-lanza-de-la-izquierda-en-america-latina","status":"publish","type":"post","link":"https:\/\/dralvarez.com.mx\/larevista\/opiniones\/es-lopez-obrador-la-punta-de-lanza-de-la-izquierda-en-america-latina","title":{"rendered":"\u00bfEs L\u00f3pez Obrador la punta de lanza de la &#8220;izquierda&#8221; en Am\u00e9rica Latina?"},"content":{"rendered":"<p><b>Por: Marco A. Cortez N.<\/b><\/p>\n<p>&#8220;Ser\u00eda un triunfo (pol\u00edtico) para el presidente de EEUU, Joe Biden, si invitara a todos los pa\u00edses a la Cumbre de las Am\u00e9ricas en junio pr\u00f3ximo en California&#8221;, as\u00ed lo dijo ayer viernes el mandatario mexicano Andr\u00e9s M. L\u00f3pez Obrador, consciente que la administraci\u00f3n del dem\u00f3crata Biden no ve con buenos ojos los reg\u00edmenes de Cuba, Nicaragua y Venezuela.<\/p>\n<p>A su regreso de una gira a Centroam\u00e9rica y Cuba, el presidente mexicano hizo p\u00fablica su postura: \u201csi no invitan (los estadounidenses) a los presidentes de Cuba, Miguel D\u00edaz-Canel; de Nicaragua, Daniel Ortega, y de Venezuela, Nicol\u00e1s Maduro; no acudir\u00e9 y a la cumbre y con mi representaci\u00f3n lo har\u00eda el canciller Marcelo Ebrard\u201d, amag\u00f3.<\/p>\n<p>Posteriormente, Luis Arce, presidente de Bolivia, sucesor de Evo Morales, adopt\u00f3 e hizo p\u00fablica la misma postura del mexicano, y se sabe de m\u00e1s presidentes que comparten ideolog\u00edas y estilos afines al gobierno de AMLO como los mandatarios de Argentina, Alberto Fern\u00e1ndez; y de Per\u00fa, Pedro Castillo.<\/p>\n<p>La postura de L\u00f3pez Obrador gener\u00f3 de inmediato una reacci\u00f3n y visita a Palacio Nacional del embajador del vecino pa\u00eds del norte, Ken Salazar, quien al t\u00e9rmino de su reuni\u00f3n con AMLO abandon\u00f3 las instalaciones sin la sonrisa y comunicaci\u00f3n que suele tener para con los medios de comunicaci\u00f3n, es decir, no emiti\u00f3 comentario alguno del encuentro.<\/p>\n<p>Como se sabe, el presidente mexicano viaj\u00f3 la semana pasada a Centroam\u00e9rica y a Cuba, pa\u00edses considerados como enormes f\u00e1bricas de migrantes que que buscan mejorar sus est\u00e1ndares de vida acariciando el ut\u00f3pico &#8220;sue\u00f1o americano&#8221;, adem\u00e1s de luchar por alejarse de la represi\u00f3n y violencia, cada vez m\u00e1s severa, que azota sus pa\u00edses y que no est\u00e1 muy lejana a realidad mexicana con los altos \u00edndices de violencia exhibida d\u00eda y noche por las plataformas tecnol\u00f3gicas y medios de comunicaci\u00f3n.<\/p>\n<p>Pero en dicha gira AMLO aprovech\u00f3 para mostrarle al mundo, y de manera especial, a Centro y Sudam\u00e9rica que hoy en Mexico hay un gobierno de &#8220;izquierda&#8221; (\u00e9l mismo lo ha dicho en sus ma\u00f1aneras: ni centro, ni derecha) y con ello no tan s\u00f3lo impulsar, sino consolidar una corriente afin a los principios del socialismo, algo muy afin a lo que practic\u00f3 en su momento el extinto l\u00edder cubano Fidel Castro Ruz. Por cierto, en Cuba, L\u00f3pez Obrador no perdi\u00f3 la oportunidad de sentarse a dialogar con Ra\u00fal Castro, en privado, evento del cual fluy\u00f3 sola una imagen que supuestamente difundi\u00f3 el gobierno de La Habana.<\/p>\n<p>\u00bfPero? \u00bfc\u00f3mo le cae esta postura al gobierno de Joe Biden?, presidente del pa\u00eds considerado por muchos como el m\u00e1s poderoso del mundo y socio principal y estrat\u00e9gico de M\u00e9xico?, pa\u00eds con el que a diario fluyen unos 6 mil millones de d\u00f3lares en materia de intercambio comercial.<\/p>\n<p>Cierto, M\u00e9xico es un pa\u00eds libre y soberano. Pero todo mundo sabe d\u00f3nde est\u00e1 el &#8220;aut\u00e9ntico&#8221; poder econ\u00f3mico y pol\u00edtico, d\u00f3nde est\u00e1 la &#8220;varita m\u00e1gica&#8221; que conduce los destinos de la humanidad; si duda voltee a ver a la &#8220;Madre Rusia&#8221; que hoy juega a las vencidas con la OTAN y con los EEUU utilizando como mesa o tablero Ucrania.<\/p>\n<p>Ya que estamos en este punto, debemos se\u00f1alar que pese a su moral y de manera gradual el ej\u00e9rcito y el gobierno de Ucrania cada d\u00eda que pasa se observan m\u00e1s d\u00e9biles y sometidos por la maquinaria b\u00e9lica de Rusia, a\u00fan y con el apoyo indirecto de pa\u00edses miembros de la Organizaci\u00f3n del Tratado del Atl\u00e1ntico Norte (OTAN) en lo que definir\u00eda como un juego mortal de ajedrez geopol\u00edtico y donde, como siempre, la poblaci\u00f3n civil, en este caso ucraniana, resulta la m\u00e1s afectada con la p\u00e9rdida de vidas.<\/p>\n<p>Regresando al tema que nos ata\u00f1e, y para ponerle punto final a este comentario. \u00bfAcaso el presidente de M\u00e9xico est\u00e1 construyendo una imagen de libertador en Am\u00e9rica Latina y El Caribe?. \u00bfAcaso el gobierno de M\u00e9xico busca la supremac\u00eda de regiones donde cada vez es mayor la presencia de gobiernos de izquierda o m\u00e1s bien populistas y\/o dictaduras?.<\/p>\n<p>\u00bfRealmente no ir\u00e1 el presidente L\u00f3pez Obrador a la Cumbre de las Am\u00e9ricas mostrando as\u00ed su apoyo a Cuba, Nicaragua y Venezuela y dejando de lado las relaciones econ\u00f3micas y pol\u00edticas con la primera potencia mundial?, y de paso, con Canad\u00e1, pa\u00eds que, por cierto, cada d\u00eda recibe a cientos de latinos entre ellos mexicanos que buscan como los centroamericanos y caribe\u00f1os, mejores niveles de vida.<\/p>\n<p>\u00bfM\u00e9xico se encamina hacia un modelo econ\u00f3mico y pol\u00edtico similar a Cuba, a Nicaragua o a Venezuela?. \u00bfLo permitir\u00e1n los 130 millones de mexicanos, lo permitir\u00e1 el pa\u00eds m\u00e1s poderoso del mundo y principal socio y vecino comercial? o es acaso estrategia.<\/p>\n<p>Por lo pronto, en breve llegar\u00e1n al pa\u00eds 500 \u201cm\u00e9dicos cubanos\u201d cuando aqu\u00ed, en M\u00e9xico, y lo digo porque trabaj\u00e9 en una una universidad p\u00fablica m\u00e1s de 30 a\u00f1os, hay cientos de j\u00f3venes que egresan cada a\u00f1o y terminan ejerciendo cualquier cosa menos su profesi\u00f3n. <\/p>\n<p>Veo un panorama muy enrarecido, m\u00e1s a\u00fan, con el conflicto geopol\u00edtico entre EEUU-Europa y Rusia\u2026y observando, c\u00f3mo tigres esperando dar su zarpazo: China y La India. Veremos.<\/p>\n<p><b>PD. El que tambi\u00e9n apunta al exterior, pero para generar inversiones y empleos para beneficio de los yucatecos es Mauricio Vila Dosal, gobernador de Yucat\u00e1n. Sus objetivos, contrarios a los de AMLO, se enfocan m\u00e1s a pa\u00edses del viejo continente. En fin. Cuesti\u00f3n de enfoques<\/b><\/p>\n<p><b>Hasta la pr\u00f3xima<\/b> <br \/><i>Cu\u00eddense<\/i><\/p>\n","protected":false},"excerpt":{"rendered":"<p>Por: Marco A. Cortez N.<\/p>\n","protected":false},"author":1124,"featured_media":36534,"comment_status":"open","ping_status":"open","sticky":false,"template":"","format":"standard","meta":{"tdm_status":"","tdm_grid_status":"","footnotes":""},"categories":[25],"tags":[],"_links":{"self":[{"href":"https:\/\/dralvarez.com.mx\/larevista\/wp-json\/wp\/v2\/posts\/21698"}],"collection":[{"href":"https:\/\/dralvarez.com.mx\/larevista\/wp-json\/wp\/v2\/posts"}],"about":[{"href":"https:\/\/dralvarez.com.mx\/larevista\/wp-json\/wp\/v2\/types\/post"}],"author":[{"embeddable":true,"href":"https:\/\/dralvarez.com.mx\/larevista\/wp-json\/wp\/v2\/users\/1124"}],"replies":[{"embeddable":true,"href":"https:\/\/dralvarez.com.mx\/larevista\/wp-json\/wp\/v2\/comments?post=21698"}],"version-history":[{"count":1,"href":"https:\/\/dralvarez.com.mx\/larevista\/wp-json\/wp\/v2\/posts\/21698\/revisions"}],"predecessor-version":[{"id":36533,"href":"https:\/\/dralvarez.com.mx\/larevista\/wp-json\/wp\/v2\/posts\/21698\/revisions\/36533"}],"wp:featuredmedia":[{"embeddable":true,"href":"https:\/\/dralvarez.com.mx\/larevista\/wp-json\/wp\/v2\/media\/36534"}],"wp:attachment":[{"href":"https:\/\/dralvarez.com.mx\/larevista\/wp-json\/wp\/v2\/media?parent=21698"}],"wp:term":[{"taxonomy":"category","embeddable":true,"href":"https:\/\/dralvarez.com.mx\/larevista\/wp-json\/wp\/v2\/categories?post=21698"},{"taxonomy":"post_tag","embeddable":true,"href":"https:\/\/dralvarez.com.mx\/larevista\/wp-json\/wp\/v2\/tags?post=21698"}],"curies":[{"name":"wp","href":"https:\/\/api.w.org\/{rel}","templated":true}]}}