{"id":21692,"date":"2022-05-12T00:00:00","date_gmt":"2022-05-12T06:00:00","guid":{"rendered":"https:\/\/dralvarez.com.mx\/larevista\/blog\/y-como-es-el-2"},"modified":"2024-02-23T12:47:16","modified_gmt":"2024-02-23T18:47:16","slug":"y-como-es-el-2","status":"publish","type":"post","link":"https:\/\/dralvarez.com.mx\/larevista\/opiniones\/y-como-es-el-2","title":{"rendered":"Y c\u00f3mo es \u00e9l????"},"content":{"rendered":"<p><b>Por: Cristina Pad\u00edn.<\/b><\/p>\n<p>Despu\u00e9s preguntar\u00edan aquella pregunta tan sencilla y a la vez complicada. Y c\u00f3mo es \u00e9l?\u2026<\/p>\n<p>Es el compromiso. Lo que hace lo hace, no finge hacerlo. Es un genio en su campo.. es alguien que estudia, reflexiona, medita, piensa, vuelve a pensar.. Se entrega, jam\u00e1s se considera en la cima, es humilde. Ser humilde y saber de donde viene uno es de las mayores virtudes\u2026 y abunda poquito en estos tiempos de egolatr\u00edas.. Es alguien con sensibilidad, capaz de emocionarse ante el dolor y ante el arte, es alguien con bondad. La generosidad es fiel espejo de un alma pura. Es alguien que ni vive en el odio ni habita en la envidia (en esos mundos de mezquindad no se puede ofrecer nada limpio).. es honesto. Es alguien de verdad. Como de verdad es un muletazo que enamora, como de verdad es un copa de vino en un faro, como de verdad es un libro que embriaga, como de verdad es el mes de mayo. Es alguien con firmeza, con nobleza, con coraz\u00f3n. Es la verdad.<\/p>\n<p>Y todos entendieron la respuesta. Alguien que es la verdad nunca defrauda. Es lo que gusta: la clase, la educaci\u00f3n, la cultura.<\/p>\n<p>Este cuento est\u00e1 dedicado a mi querido torero Juli: alguien de ley..<br \/>..pero tambi\u00e9n es aplicable a otras muchas personas que son as\u00ed<br \/>Al toreo<br \/>A la verdad<br \/>A mi Luis<br \/>A mi amiga Rosario<br \/>A Albriux, ma\u00f1ana nos juntamos<br \/>A la buena educaci\u00f3n, cada vez soporto menos a los maleducados<br \/>A Ale: mi mago, a 24 horas de su reaparici\u00f3n en Espa\u00f1a<br \/>A la mam\u00e1 y la familia de Juli<\/p>\n","protected":false},"excerpt":{"rendered":"<p>Por: Cristina Pad\u00edn.<\/p>\n","protected":false},"author":1025,"featured_media":36528,"comment_status":"open","ping_status":"open","sticky":false,"template":"","format":"standard","meta":{"tdm_status":"","tdm_grid_status":"","footnotes":""},"categories":[25],"tags":[],"_links":{"self":[{"href":"https:\/\/dralvarez.com.mx\/larevista\/wp-json\/wp\/v2\/posts\/21692"}],"collection":[{"href":"https:\/\/dralvarez.com.mx\/larevista\/wp-json\/wp\/v2\/posts"}],"about":[{"href":"https:\/\/dralvarez.com.mx\/larevista\/wp-json\/wp\/v2\/types\/post"}],"author":[{"embeddable":true,"href":"https:\/\/dralvarez.com.mx\/larevista\/wp-json\/wp\/v2\/users\/1025"}],"replies":[{"embeddable":true,"href":"https:\/\/dralvarez.com.mx\/larevista\/wp-json\/wp\/v2\/comments?post=21692"}],"version-history":[{"count":1,"href":"https:\/\/dralvarez.com.mx\/larevista\/wp-json\/wp\/v2\/posts\/21692\/revisions"}],"predecessor-version":[{"id":36527,"href":"https:\/\/dralvarez.com.mx\/larevista\/wp-json\/wp\/v2\/posts\/21692\/revisions\/36527"}],"wp:featuredmedia":[{"embeddable":true,"href":"https:\/\/dralvarez.com.mx\/larevista\/wp-json\/wp\/v2\/media\/36528"}],"wp:attachment":[{"href":"https:\/\/dralvarez.com.mx\/larevista\/wp-json\/wp\/v2\/media?parent=21692"}],"wp:term":[{"taxonomy":"category","embeddable":true,"href":"https:\/\/dralvarez.com.mx\/larevista\/wp-json\/wp\/v2\/categories?post=21692"},{"taxonomy":"post_tag","embeddable":true,"href":"https:\/\/dralvarez.com.mx\/larevista\/wp-json\/wp\/v2\/tags?post=21692"}],"curies":[{"name":"wp","href":"https:\/\/api.w.org\/{rel}","templated":true}]}}