{"id":21678,"date":"2022-05-10T00:00:00","date_gmt":"2022-05-10T06:00:00","guid":{"rendered":"https:\/\/dralvarez.com.mx\/larevista\/blog\/siete-anos-de-un-camino"},"modified":"2024-02-23T12:46:13","modified_gmt":"2024-02-23T18:46:13","slug":"siete-anos-de-un-camino","status":"publish","type":"post","link":"https:\/\/dralvarez.com.mx\/larevista\/opiniones\/siete-anos-de-un-camino","title":{"rendered":"Siete a\u00f1os de un camino&#8230;"},"content":{"rendered":"<p><b>Por: Cristina Pad\u00edn.<\/b><\/p>\n<p>Alguien que est\u00e1 a punto de cumplir doce a\u00f1os tiene once\u2026 once es una edad muy bonita: a medio camino entre la infancia y la adolescencia. Alguien de once a\u00f1os est\u00e1 cursando el \u00faltimo a\u00f1o de Primaria, suele adorar los helados, lee libros de aventuras, comparte bicicleta y pipas y alg\u00fan que otro secreto con los amigos, la pandilla. Alguien con once a\u00f1os en mayo suele ser inmensamente feliz.. el verano ya se toca con las yemas de los dedos..<\/p>\n<p>Y ojal\u00e1 todos los ni\u00f1os de once a\u00f1os fueran inmensamente felices (tambi\u00e9n los de nueve y los de cuatro y los de seis y\u2026)<\/p>\n<p>Alguien que anda por los diecinueve a\u00f1os ya ha hecho un peque\u00f1o camino vital. Los estudios, los ex\u00e1menes, las noches que rematan en amaneceres, mil tardes en el parque, besos y cigarrillos, cigarrillos y besos, los descubrimientos en piel y alma, lecturas y toreo, cine y viajes, el mejor verano de la vida, y el siguiente vuelve a ser el mejor verano de la vida, arena y mar, Semana Santa, Reyes.. enamorarse, volver a enamorarse.. promesas, decisiones..<\/p>\n<p>Caminar es vivir. Vivir con verdad. Hay mil tipos de caminos, como hay mil maneras de vivir, ya lo dice Siempre As\u00ed. Luis no anda desde hace siete a\u00f1os, pero camina. Lo sabe muy bien el Ap\u00f3stol Santiago. Luis no habla desde hace siete a\u00f1os, pero dice muchas cosas, ah\u00ed en la foto le est\u00e1 contando algunas al Se\u00f1or. Luis nos ense\u00f1a. Nos ense\u00f1a a caminar. Sin odio, con pureza, con fe. Su familia nos ense\u00f1a a ser y a estar. Sus hermanos nos ense\u00f1an. Todo, tanto, m\u00e1s..<\/p>\n<p>Los amigos de Luis (y su magn\u00edfico colegio) nos ense\u00f1an a estar siempre. Y a ser de verdad. <\/p>\n<p>Dedicado a Luis: un hijo muy querido de la Virgen<br \/>A Carlos, Arantxa, Lourdes y Carlos. Yo conoc\u00eda a Luis har\u00e1 el d\u00eda 13 siete a\u00f1os y siempre desde entonces ha estado en mi coraz\u00f3n y el de mi familia<br \/>A los amigos de Luis. Sois grandes<br \/>A las personas de verdad<br \/>A las personas que no odian<br \/>Al camino.. a los caminos<br \/>Al Camino de Santiago.. hay otro Xacobeo este a\u00f1o, Carlos: volved, por favor<br \/>A Siempre As\u00ed<br \/>Al toreo<br \/>Y a la verdad<br \/>A h\u00e9roes: Luis, Jm.. varios..<\/p>\n","protected":false},"excerpt":{"rendered":"<p>Por: Cristina Pad\u00edn.<\/p>\n","protected":false},"author":1025,"featured_media":36514,"comment_status":"open","ping_status":"open","sticky":false,"template":"","format":"standard","meta":{"tdm_status":"","tdm_grid_status":"","footnotes":""},"categories":[25],"tags":[],"_links":{"self":[{"href":"https:\/\/dralvarez.com.mx\/larevista\/wp-json\/wp\/v2\/posts\/21678"}],"collection":[{"href":"https:\/\/dralvarez.com.mx\/larevista\/wp-json\/wp\/v2\/posts"}],"about":[{"href":"https:\/\/dralvarez.com.mx\/larevista\/wp-json\/wp\/v2\/types\/post"}],"author":[{"embeddable":true,"href":"https:\/\/dralvarez.com.mx\/larevista\/wp-json\/wp\/v2\/users\/1025"}],"replies":[{"embeddable":true,"href":"https:\/\/dralvarez.com.mx\/larevista\/wp-json\/wp\/v2\/comments?post=21678"}],"version-history":[{"count":1,"href":"https:\/\/dralvarez.com.mx\/larevista\/wp-json\/wp\/v2\/posts\/21678\/revisions"}],"predecessor-version":[{"id":36513,"href":"https:\/\/dralvarez.com.mx\/larevista\/wp-json\/wp\/v2\/posts\/21678\/revisions\/36513"}],"wp:featuredmedia":[{"embeddable":true,"href":"https:\/\/dralvarez.com.mx\/larevista\/wp-json\/wp\/v2\/media\/36514"}],"wp:attachment":[{"href":"https:\/\/dralvarez.com.mx\/larevista\/wp-json\/wp\/v2\/media?parent=21678"}],"wp:term":[{"taxonomy":"category","embeddable":true,"href":"https:\/\/dralvarez.com.mx\/larevista\/wp-json\/wp\/v2\/categories?post=21678"},{"taxonomy":"post_tag","embeddable":true,"href":"https:\/\/dralvarez.com.mx\/larevista\/wp-json\/wp\/v2\/tags?post=21678"}],"curies":[{"name":"wp","href":"https:\/\/api.w.org\/{rel}","templated":true}]}}