{"id":21672,"date":"2022-05-09T00:00:00","date_gmt":"2022-05-09T06:00:00","guid":{"rendered":"https:\/\/dralvarez.com.mx\/larevista\/blog\/alejandro-4"},"modified":"2024-02-23T12:45:49","modified_gmt":"2024-02-23T18:45:49","slug":"alejandro-4","status":"publish","type":"post","link":"https:\/\/dralvarez.com.mx\/larevista\/opiniones\/alejandro-4","title":{"rendered":"Alejandro&#8230;"},"content":{"rendered":"<p><b>Por: Cristina Pad\u00edn.<\/b><\/p>\n<p>Sin duda era el mejor y tambi\u00e9n el peor de los tiempos. Eran los tiempos de lo falso y tambi\u00e9n los de la verdad. Dickens lo dijo.. y as\u00ed eran igualmente muchos a\u00f1os despu\u00e9s. La primavera vest\u00eda mayo de color cereza y de espuma y de helados de sand\u00eda.<\/p>\n<p>Los pies que paseaban a la vera del mar eran de piel morena morena. Como los bellos cantares flamencos. Deseaban el anhelado regreso del mago a Madrid. Era lunes, 9 de mayo, d\u00eda de Europa. D\u00eda de sol, de calor, de agua fr\u00eda. De espera..<\/p>\n<p>Se apellida Talavante y se llama Alejandro. En \u00e9l los tiempos son profundos. Serenos. Cultos. Los tiempos de su capote de alma, de su muleta de fantas\u00eda, de sus lances de oro. Alejandro\u2026 el torero, la verdad. \u00c9l. Son tiempos de Alejandro. <\/p>\n<p>Es tiempo de toreo..<\/p>\n<p>Dedicado a Talavante<br \/>Al mes de mayo<br \/>Al d\u00eda de Europa <br \/>A talavantinos de ley<br \/>A la familia de mi mago Talavante<br \/>A los libros y a Dickens<br \/>Al toreo<br \/>A los cantares flamencos<br \/>A la tez bronceada<br \/>A mi querido Luis<\/p>\n","protected":false},"excerpt":{"rendered":"<p>Por: Cristina Pad\u00edn.<\/p>\n","protected":false},"author":1025,"featured_media":36508,"comment_status":"open","ping_status":"open","sticky":false,"template":"","format":"standard","meta":{"tdm_status":"","tdm_grid_status":"","footnotes":""},"categories":[25],"tags":[],"_links":{"self":[{"href":"https:\/\/dralvarez.com.mx\/larevista\/wp-json\/wp\/v2\/posts\/21672"}],"collection":[{"href":"https:\/\/dralvarez.com.mx\/larevista\/wp-json\/wp\/v2\/posts"}],"about":[{"href":"https:\/\/dralvarez.com.mx\/larevista\/wp-json\/wp\/v2\/types\/post"}],"author":[{"embeddable":true,"href":"https:\/\/dralvarez.com.mx\/larevista\/wp-json\/wp\/v2\/users\/1025"}],"replies":[{"embeddable":true,"href":"https:\/\/dralvarez.com.mx\/larevista\/wp-json\/wp\/v2\/comments?post=21672"}],"version-history":[{"count":1,"href":"https:\/\/dralvarez.com.mx\/larevista\/wp-json\/wp\/v2\/posts\/21672\/revisions"}],"predecessor-version":[{"id":36507,"href":"https:\/\/dralvarez.com.mx\/larevista\/wp-json\/wp\/v2\/posts\/21672\/revisions\/36507"}],"wp:featuredmedia":[{"embeddable":true,"href":"https:\/\/dralvarez.com.mx\/larevista\/wp-json\/wp\/v2\/media\/36508"}],"wp:attachment":[{"href":"https:\/\/dralvarez.com.mx\/larevista\/wp-json\/wp\/v2\/media?parent=21672"}],"wp:term":[{"taxonomy":"category","embeddable":true,"href":"https:\/\/dralvarez.com.mx\/larevista\/wp-json\/wp\/v2\/categories?post=21672"},{"taxonomy":"post_tag","embeddable":true,"href":"https:\/\/dralvarez.com.mx\/larevista\/wp-json\/wp\/v2\/tags?post=21672"}],"curies":[{"name":"wp","href":"https:\/\/api.w.org\/{rel}","templated":true}]}}