{"id":21664,"date":"2022-05-09T00:00:00","date_gmt":"2022-05-09T06:00:00","guid":{"rendered":"https:\/\/dralvarez.com.mx\/larevista\/blog\/los-politicos-y-la-adicion-a-la-selfitis"},"modified":"2024-02-23T12:45:35","modified_gmt":"2024-02-23T18:45:35","slug":"los-politicos-y-la-adicion-a-la-selfitis","status":"publish","type":"post","link":"https:\/\/dralvarez.com.mx\/larevista\/opiniones\/los-politicos-y-la-adicion-a-la-selfitis","title":{"rendered":"Los pol\u00edticos y la adici\u00f3n a la \u201cSelfitis\u201d"},"content":{"rendered":"<p><b><i>Pol\u00edtica, Redes Sociales y M\u00e1s<\/i>, por:&nbsp;Daniel Molina.&nbsp;<\/b><\/p>\n<p><b>@DanMSocial<\/b><\/p>\n<\/p>\n<p>Poco a poco uno<br \/>\nse tendr\u00e1 que ir acostumbr\u00e1ndo a los nuevos t\u00e9rminos digitales, que se van<br \/>\nconvirtiendo en padecimientos y adiciones. <\/p>\n<p>Los buenos y<br \/>\nmalos h\u00e1bitos en el uso de las redes sociales y vivir en el mundo digital,<br \/>\ncambiaron las costumbres de los seres humanos, en el interactuar socialmente.<br \/>\nEstos cambios, han llevado a muchas actividades digitales, tambi\u00e9n se han<br \/>\nconvertido en adicciones.<\/p>\n<p>Empezamos por<br \/>\nentender que una adicci\u00f3n es un trastorno donde una persona siente o tiene una<br \/>\ncompulsi\u00f3n incontrolable hacia algo, ya sea una situaci\u00f3n, objeto o sustancia.<\/p>\n<p>La \u201cselfitis\u201d, es<br \/>\nla toma de fotograf\u00edas a si mismo de forma desmesurada, pero tambi\u00e9n puede ser<br \/>\na estar tomando fotos continuamente para postear en sus redes sociales.<\/p>\n<p>Estas acciones,<br \/>\nes evidente que tienen que ver con aspectos sociales, culturales y emocionales.<br \/>\n\u201cAutofografiarse\u201d y exhibirse, tiene que ver con la necesidad de pertenecer a<br \/>\nun grupo, entrando en el juego de la \u201cvirilizaci\u00f3n\u201d, para sentir satisfacci\u00f3n.<\/p>\n<p>Como muchas<br \/>\nadicciones, todas parten de una baja autoestima, b\u00fasqueda de atenci\u00f3n y hasta<br \/>\ntrastornos de personalidad, narcicismo y dism\u00f3rficos corporal, lo cual se<br \/>\ncaracteriza por la preocupaci\u00f3n de su f\u00edsico.<\/p>\n<p>Qu\u00e9 podr\u00eda traer<br \/>\nesta adici\u00f3n de \u201cautofotografiarse. Estudios refieren, que muchos de estos<br \/>\nusuarios, son los que menos relaciones sociales reales tienen, menos amigos y<br \/>\nmenos interacci\u00f3n con la realidad.<\/p>\n<p>Pasando al tema pol\u00edtico,<br \/>\nesto quiere decir que aquellos funcionarios p\u00fablicos, pol\u00edticos, candidatos en<br \/>\ncampa\u00f1a, que continuamente se fotograf\u00eda y presumen cercan\u00eda con \u201cla gente\u201d,<br \/>\npodr\u00edan tener acciones totalmente contrarias al discurso. As\u00ed que tendr\u00e1n<br \/>\nanalizar sus actividades y campa\u00f1as digitales y, posiblemente buscar ayuda<br \/>\nprofesional para contrarrestar este padecimiento.<\/p>\n<p><b>En Ciudad<br \/>\nJu\u00e1rez sonaron los Tigres del Norte.<\/b><\/p>\n<p>En visita a la<br \/>\nCiudad Ju\u00e1rez, Ricardo Monreal \u00c1vila present\u00f3 su libro acerca de los beneficios<br \/>\ndel T-MEC, titulado \u201cInversi\u00f3n y comercio para la regi\u00f3n de Am\u00e9rica del Norte.<br \/>\nLos beneficios del T-MEC\u201d.<\/p>\n<p>Con esto, hace<br \/>\npresencia en el municipio fronterizo y recibido por el ex senador Cruz P\u00e9rez<br \/>\nCuellar, ahora como presidente municipal y tambi\u00e9n perteneciente a MORENA.<\/p>\n<p>Aprovechando la<br \/>\nfecha del aniversario del 5 mayo, y el concierto de los Tigres del Norte, el<br \/>\npresidente de la Junta de Coordinaci\u00f3n Pol\u00edtica del senado, asisti\u00f3 al<br \/>\nconcierto entre miles de espectadores. En el evento popular se destacaron los<br \/>\naplausos y el reconocimiento a la banda musical por los juarenses.<\/p>\n<p>Ahora, lo esperan<br \/>\ntemas como el AICM, en donde el l\u00edder del senado destac\u00f3 que la c\u00e1mara alta<br \/>\ndeber\u00e1 involucrarse en los problemas del aeropuerto.<\/p>\n<p><b>Call to<br \/>\nAction.<\/b><\/p>\n<p>#FelizLunes<\/p><\/p>\n","protected":false},"excerpt":{"rendered":"<p>Pol\u00edtica, Redes Sociales y M\u00e1s&#8230;<\/p>\n","protected":false},"author":1132,"featured_media":0,"comment_status":"open","ping_status":"open","sticky":false,"template":"","format":"standard","meta":{"tdm_status":"","tdm_grid_status":"","footnotes":""},"categories":[25],"tags":[],"_links":{"self":[{"href":"https:\/\/dralvarez.com.mx\/larevista\/wp-json\/wp\/v2\/posts\/21664"}],"collection":[{"href":"https:\/\/dralvarez.com.mx\/larevista\/wp-json\/wp\/v2\/posts"}],"about":[{"href":"https:\/\/dralvarez.com.mx\/larevista\/wp-json\/wp\/v2\/types\/post"}],"author":[{"embeddable":true,"href":"https:\/\/dralvarez.com.mx\/larevista\/wp-json\/wp\/v2\/users\/1132"}],"replies":[{"embeddable":true,"href":"https:\/\/dralvarez.com.mx\/larevista\/wp-json\/wp\/v2\/comments?post=21664"}],"version-history":[{"count":1,"href":"https:\/\/dralvarez.com.mx\/larevista\/wp-json\/wp\/v2\/posts\/21664\/revisions"}],"predecessor-version":[{"id":36501,"href":"https:\/\/dralvarez.com.mx\/larevista\/wp-json\/wp\/v2\/posts\/21664\/revisions\/36501"}],"wp:attachment":[{"href":"https:\/\/dralvarez.com.mx\/larevista\/wp-json\/wp\/v2\/media?parent=21664"}],"wp:term":[{"taxonomy":"category","embeddable":true,"href":"https:\/\/dralvarez.com.mx\/larevista\/wp-json\/wp\/v2\/categories?post=21664"},{"taxonomy":"post_tag","embeddable":true,"href":"https:\/\/dralvarez.com.mx\/larevista\/wp-json\/wp\/v2\/tags?post=21664"}],"curies":[{"name":"wp","href":"https:\/\/api.w.org\/{rel}","templated":true}]}}