{"id":21652,"date":"2022-05-09T00:00:00","date_gmt":"2022-05-09T06:00:00","guid":{"rendered":"https:\/\/dralvarez.com.mx\/larevista\/blog\/la-prisa"},"modified":"2024-02-23T12:45:07","modified_gmt":"2024-02-23T18:45:07","slug":"la-prisa","status":"publish","type":"post","link":"https:\/\/dralvarez.com.mx\/larevista\/opiniones\/la-prisa","title":{"rendered":"La prisa"},"content":{"rendered":"<p><b>Por: Pascal Beltr\u00e1n del R\u00edo.<\/b><\/p>\n<\/p>\n<p>Por razones familiares, he sido testigo del lento<br \/>\navance en la construcci\u00f3n de la estaci\u00f3n de trenes de La Sagrera, en el barrio<br \/>\nbarcelon\u00e9s del mismo nombre, considerado el proyecto de soterramiento<br \/>\nferroviario m\u00e1s importante de Europa. <\/p>\n<p>Cuando se termine, alojar\u00e1, entre otras v\u00edas, la del<br \/>\ntren de alta velocidad que une Madrid con la frontera francesa, aunque la idea<br \/>\nes que, a futuro, se pueda viajar directo hasta Par\u00eds. Se calcula que pasar\u00e1n<br \/>\npor ella unos 100 millones de pasajeros al a\u00f1o. Ser\u00e1, adem\u00e1s, el inmueble m\u00e1s<br \/>\ngrande de la ciudad, con espacios comerciales y de entretenimiento. <\/p>\n<p>Oficialmente, la inauguraci\u00f3n est\u00e1 \u201cprevista para<br \/>\n2023\u201d, pero, viendo la obra, se antoja muy dif\u00edcil que se vaya a cumplir esa<br \/>\nmeta. Cuando se pregunta a los locales para cu\u00e1ndo creen que ser\u00e1, la respuesta<br \/>\ninvariable es \u201cpues a ver\u201d. <\/p>\n<p>La Sagrera comenz\u00f3 a proyectarse en 1996. La<br \/>\nconstrucci\u00f3n se adjudic\u00f3 en 2009 y el entonces ministro de Fomento de Espa\u00f1a,<br \/>\nel socialista Jos\u00e9 Blanco L\u00f3pez \u2013quien coloc\u00f3 la primera piedra en 2010\u2013,<br \/>\npronostic\u00f3 que se inaugurar\u00eda en 2012. <\/p>\n<p>Obviamente, eso no sucedi\u00f3. <\/p>\n<p>En M\u00e9xico se pretende construir el Tren Maya, un<br \/>\nferrocarril de mil 500 kil\u00f3metros de extensi\u00f3n, en tres a\u00f1os y medio. Y no es<br \/>\nque tenga nada malo que las obras p\u00fablicas no se demoren m\u00e1s de la cuenta, pero<br \/>\nun plan as\u00ed no ser\u00eda posible en un sistema democr\u00e1tico y de leyes, donde todo<br \/>\nse discute, donde se debaten los proyectos, se revisan presupuestos y se<br \/>\ncumplen las normas ambientales, entre otras. <\/p>\n<p>Normalmente, en pa\u00edses con sistemas as\u00ed, las obras las<br \/>\ninicia un gobierno y las termina otro. Y est\u00e1 bien, porque lo importante es la<br \/>\nutilidad que tienen para la sociedad y no el lucimiento de un pol\u00edtico. <\/p>\n<p>El presidente Andr\u00e9s Manuel L\u00f3pez Obrador se propuso<br \/>\nrealizar tres obras emblem\u00e1ticas durante su gobierno: el Aeropuerto Felipe<br \/>\n\u00c1ngeles, la Refiner\u00eda de Dos Bocas y el Tren Maya. Las ofreci\u00f3 en su campa\u00f1a<br \/>\nelectoral y est\u00e1 decidido a terminarlas. El problema es que la prisa ha<br \/>\ncomenzado a pasar factura. Como ya comentaba en este espacio, el aeropuerto, ya<br \/>\ninaugurado, se ha topado con que ni las aerol\u00edneas ni los pasajeros tienen<br \/>\nmucho entusiasmo por usarlo. El d\u00eda que comenz\u00f3 a operar la nueva terminal<br \/>\na\u00e9rea de Denver, en febrero de 1995, lo hizo con un centenar de despegues y<br \/>\naterrizajes. El Felipe \u00c1ngeles apenas tiene una docena. <\/p>\n<p>S\u00ed, se pudo inaugurar el aeropuerto cuando el<br \/>\nPresidente lo dispuso, pero, por un lado, no est\u00e1n concluidas las v\u00edas de<br \/>\nacceso, y, por otro, se nota que el proyecto no fue suficientemente estudiado.<br \/>\nY eso significa que la obra est\u00e1 siendo subutilizada, lo cual implica un<br \/>\ndesperdicio de recursos p\u00fablicos. <\/p>\n<p>En el caso del Tren Maya, el gobierno ya tuvo que<br \/>\nreconocer que arranc\u00f3 la construcci\u00f3n sin los necesarios manifiestos de impacto<br \/>\nambiental. \u00c9sa fue la causa de que se encontrara con problemas respecto de las<br \/>\ncondiciones del suelo. Ha habido afectaciones al \u00e1rea natural por donde se<br \/>\nquiere que pase, que han sido exhibidas por ecologistas. <\/p>\n<p>La prisa, como ha admitido el propio Presidente, llev\u00f3<br \/>\na que las nuevas v\u00edas tengan que sacar la vuelta a M\u00e9rida, porque no se quiso<br \/>\nlidiar con los problemas legales que implicaba conectarlas con la estaci\u00f3n de<br \/>\ntrenes de la capital yucateca, lo cual era l\u00f3gico. <\/p>\n<p>Toda obra de infraestructura lleva su tiempo y sus<br \/>\nprocesos. <\/p>\n<p>Y es normal que as\u00ed sea. La planeaci\u00f3n tiene su raz\u00f3n<br \/>\nde ser. <\/p>\n<p>Las normas de construcci\u00f3n y medioambientales est\u00e1n<br \/>\nall\u00ed por algo. Esos procesos protegen el dinero p\u00fablico para que sea bien<br \/>\nusado. De nada sirve terminar en poco tiempo un aeropuerto, una refiner\u00eda o un<br \/>\ntren si los recursos que se gastan para levantarlos \u2013pocos o muchos\u2013 acaban en<br \/>\nla subutilizaci\u00f3n, el deterioro del sitio donde se construye o, peor, en accidentes<br \/>\nque cuestan vidas. <\/p>\n<p>Da la impresi\u00f3n de que el presidente L\u00f3pez Obrador<br \/>\npens\u00f3 m\u00e1s en la inauguraci\u00f3n de dichas obras \u2013por \u00e9l, desde luego\u2013 que en el<br \/>\nbeneficio que tendr\u00edan para la ciudadan\u00eda. <\/p>\n<p>Viendo lo que pas\u00f3 con el aeropuerto, al que ahora quieren<br \/>\nmeter a las aerol\u00edneas a la fuerza, y los problemas que le han brotado al Tren<br \/>\nMaya, las cosas no tienen buena pinta. <\/p>\n<p><b>Bien<br \/>\ndice el dicho: La prisa es mala consejera.<\/b><\/p><\/p>\n","protected":false},"excerpt":{"rendered":"<p>Por: Pascal Beltr\u00e1n del R\u00edo.<\/p>\n","protected":false},"author":1127,"featured_media":36490,"comment_status":"open","ping_status":"open","sticky":false,"template":"","format":"standard","meta":{"tdm_status":"","tdm_grid_status":"","footnotes":""},"categories":[25],"tags":[],"_links":{"self":[{"href":"https:\/\/dralvarez.com.mx\/larevista\/wp-json\/wp\/v2\/posts\/21652"}],"collection":[{"href":"https:\/\/dralvarez.com.mx\/larevista\/wp-json\/wp\/v2\/posts"}],"about":[{"href":"https:\/\/dralvarez.com.mx\/larevista\/wp-json\/wp\/v2\/types\/post"}],"author":[{"embeddable":true,"href":"https:\/\/dralvarez.com.mx\/larevista\/wp-json\/wp\/v2\/users\/1127"}],"replies":[{"embeddable":true,"href":"https:\/\/dralvarez.com.mx\/larevista\/wp-json\/wp\/v2\/comments?post=21652"}],"version-history":[{"count":1,"href":"https:\/\/dralvarez.com.mx\/larevista\/wp-json\/wp\/v2\/posts\/21652\/revisions"}],"predecessor-version":[{"id":36489,"href":"https:\/\/dralvarez.com.mx\/larevista\/wp-json\/wp\/v2\/posts\/21652\/revisions\/36489"}],"wp:featuredmedia":[{"embeddable":true,"href":"https:\/\/dralvarez.com.mx\/larevista\/wp-json\/wp\/v2\/media\/36490"}],"wp:attachment":[{"href":"https:\/\/dralvarez.com.mx\/larevista\/wp-json\/wp\/v2\/media?parent=21652"}],"wp:term":[{"taxonomy":"category","embeddable":true,"href":"https:\/\/dralvarez.com.mx\/larevista\/wp-json\/wp\/v2\/categories?post=21652"},{"taxonomy":"post_tag","embeddable":true,"href":"https:\/\/dralvarez.com.mx\/larevista\/wp-json\/wp\/v2\/tags?post=21652"}],"curies":[{"name":"wp","href":"https:\/\/api.w.org\/{rel}","templated":true}]}}