{"id":21638,"date":"2022-05-09T00:00:00","date_gmt":"2022-05-09T06:00:00","guid":{"rendered":"https:\/\/dralvarez.com.mx\/larevista\/blog\/mexico-necesita-consensos-no-confrontaciones-ni-division"},"modified":"2024-02-23T12:44:32","modified_gmt":"2024-02-23T18:44:32","slug":"mexico-necesita-consensos-no-confrontaciones-ni-division","status":"publish","type":"post","link":"https:\/\/dralvarez.com.mx\/larevista\/opiniones\/mexico-necesita-consensos-no-confrontaciones-ni-division","title":{"rendered":"M\u00e9xico necesita consensos  no confrontaciones ni divisi\u00f3n"},"content":{"rendered":"<p><b>Editorial La Revista Peninsular<\/b><\/p>\n<\/p>\n<p>El presidente Andr\u00e9s Manuel L\u00f3pez Obrador present\u00f3<br \/>\nante el poder legislativo su \u201creforma democr\u00e1tica\u201d a finales de abril. En \u00e9sta,<br \/>\npropone modificar el sistema electoral y administrativo con el objetivo de<br \/>\ndisminuir el costo de la democracia mexicana. Debido a que parece que la<br \/>\niniciativa ser\u00e1 rechazada por lo controversial que son los cambios propuestos y<br \/>\nla actitud hostil demostrada por Morena en contra de la oposici\u00f3n, todo indica<br \/>\na que el titular del ejecutivo tiene intereses los cuales van m\u00e1s all\u00e1 de la<br \/>\naprobaci\u00f3n de dicha reforma.<\/p>\n<p>La iniciativa presidencial propone que, para la<br \/>\nelecci\u00f3n de los consejeros y magistrados, los tres poderes definan listas de<br \/>\ncandidatos y que \u00e9stos sean elegidos mediante voto popular. Asimismo, se pone a<br \/>\nconsideraci\u00f3n del legislativo disminuir el n\u00famero de consejeros electorales de<br \/>\n11 a 7, crear el Instituto Nacional de Elecciones y Consultas (INEC) para<br \/>\nsustituir al Instituto Nacional Electoral (INE) y federalizar los procesos<br \/>\nelectorales con la desaparici\u00f3n de los \u00d3rganos P\u00fablicos Locales Electorales y<br \/>\nlos Tribunales Electorales estatales.<\/p>\n<p>De igual manera, se propone reducir los espacios en el<br \/>\nCongreso Federal y en el Senado; de 500 diputados a 300 y de 128 senadores a<br \/>\n96. Con respecto a la C\u00e1mara de Diputados, se modificar\u00eda el m\u00e9todo de elecci\u00f3n<br \/>\npues los diputados y diputadas ya no ser\u00edan elegidos por votaci\u00f3n directa, sino<br \/>\npor un sistema de listas y proporcionalidad. Los congresos estatales tambi\u00e9n<br \/>\ntendr\u00edan cambios pues, dependiendo de la poblaci\u00f3n de la entidad, deber\u00e1n estar<br \/>\nconformados por un m\u00ednimo de 15 diputados o un m\u00e1ximo de 45.<\/p>\n<p>La \u201creforma democr\u00e1tica\u201d del presidente tambi\u00e9n<br \/>\ncontempla establecer un m\u00e1ximo de nueve regidores en los ayuntamientos,<br \/>\nimplementar el voto electr\u00f3nico y reducir el porcentaje de participaci\u00f3n<br \/>\nciudadana necesario para hacer vinculante la revocaci\u00f3n de mandato. Finalmente,<br \/>\nse propone eliminar el financiamiento ordinario a partidos pol\u00edticos, lo cual<br \/>\nsignifica que s\u00f3lo recibir\u00e1n recursos p\u00fablicos en las elecciones.<\/p>\n<p>No cabe duda de que \u00e9sta iniciativa tiene puntos que<br \/>\nson interesantes para el an\u00e1lisis, pero que dif\u00edcilmente ser\u00e1 aprobada. La<br \/>\npretensi\u00f3n de atentar contra la autonom\u00eda del INE y de afectar al bloque de<br \/>\noposici\u00f3n con la disminuci\u00f3n de curules en las C\u00e1maras, as\u00ed como los constantes<br \/>\nse\u00f1alamientos de \u201ctraici\u00f3n\u201d por la reforma el\u00e9ctrica, han propiciado que no<br \/>\nexista disposici\u00f3n para el di\u00e1logo entre las fuerzas pol\u00edticas. Adem\u00e1s, en la<br \/>\nhistoria reciente de nuestro pa\u00eds, no es com\u00fan que sea el titular del ejecutivo<br \/>\nquien presente reformas de tal profundidad en materia electoral.<\/p>\n<p>El mandatario mexicano era consciente de que el<br \/>\nescenario pol\u00edtico no era propicio para la aprobaci\u00f3n de su reforma, pero aun<br \/>\nas\u00ed la present\u00f3. Por la persistencia del discurso hostil de Morena y aliados en<br \/>\ncontra de la oposici\u00f3n, salvo excepciones como el senador Ricardo Monreal,<br \/>\npareciera que L\u00f3pez Obrador no busca lograr consensos para que se apruebe su<br \/>\nreforma. Lo que s\u00ed parece buscar es fomentar una narrativa en la cual \u00e9l busca<br \/>\nreducir el gasto p\u00fablico y eliminar a los legisladores plurinominales, pero el<br \/>\n\u201cbloque conservador\u201d no se lo permite.<\/p>\n<p>Por su parte, los partidos de oposici\u00f3n han anunciado<br \/>\nque presentar\u00e1n sus propias reformas electorales y en ellas contemplar\u00e1n el<br \/>\nfortalecimiento del INE y de las instituciones democr\u00e1ticas mexicanas. Ojal\u00e1<br \/>\nesto propicie un intercambio de ideas y propuestas que beneficien al pa\u00eds y no<br \/>\nuna batalla pol\u00edtica entre bloques legislativos.<\/p>\n<p>Dada la relevancia de esta reforma, es responsabilidad<br \/>\nde la poblaci\u00f3n mexicana estar atenta al debate y rechazar los intentos de<br \/>\npolarizaci\u00f3n por parte de actores pol\u00edticos. As\u00ed como este proceso puede<br \/>\nculminar con un mejor sistema electoral para los mexicanos, tambi\u00e9n podr\u00eda<br \/>\nresultar en una sociedad m\u00e1s dividida. Por esto, no hay que olvidar que en las<br \/>\ndemocracias se vale no estar de acuerdo y es mediante las diferencias que se<br \/>\nconstruye un pa\u00eds para todos.<\/p><\/p>\n","protected":false},"excerpt":{"rendered":"<p>Editorial La Revista Peninsular<\/p>\n","protected":false},"author":1111,"featured_media":36476,"comment_status":"open","ping_status":"open","sticky":false,"template":"","format":"standard","meta":{"tdm_status":"","tdm_grid_status":"","footnotes":""},"categories":[25],"tags":[],"_links":{"self":[{"href":"https:\/\/dralvarez.com.mx\/larevista\/wp-json\/wp\/v2\/posts\/21638"}],"collection":[{"href":"https:\/\/dralvarez.com.mx\/larevista\/wp-json\/wp\/v2\/posts"}],"about":[{"href":"https:\/\/dralvarez.com.mx\/larevista\/wp-json\/wp\/v2\/types\/post"}],"author":[{"embeddable":true,"href":"https:\/\/dralvarez.com.mx\/larevista\/wp-json\/wp\/v2\/users\/1111"}],"replies":[{"embeddable":true,"href":"https:\/\/dralvarez.com.mx\/larevista\/wp-json\/wp\/v2\/comments?post=21638"}],"version-history":[{"count":1,"href":"https:\/\/dralvarez.com.mx\/larevista\/wp-json\/wp\/v2\/posts\/21638\/revisions"}],"predecessor-version":[{"id":36475,"href":"https:\/\/dralvarez.com.mx\/larevista\/wp-json\/wp\/v2\/posts\/21638\/revisions\/36475"}],"wp:featuredmedia":[{"embeddable":true,"href":"https:\/\/dralvarez.com.mx\/larevista\/wp-json\/wp\/v2\/media\/36476"}],"wp:attachment":[{"href":"https:\/\/dralvarez.com.mx\/larevista\/wp-json\/wp\/v2\/media?parent=21638"}],"wp:term":[{"taxonomy":"category","embeddable":true,"href":"https:\/\/dralvarez.com.mx\/larevista\/wp-json\/wp\/v2\/categories?post=21638"},{"taxonomy":"post_tag","embeddable":true,"href":"https:\/\/dralvarez.com.mx\/larevista\/wp-json\/wp\/v2\/tags?post=21638"}],"curies":[{"name":"wp","href":"https:\/\/api.w.org\/{rel}","templated":true}]}}