{"id":21636,"date":"2022-05-09T00:00:00","date_gmt":"2022-05-09T06:00:00","guid":{"rendered":"https:\/\/dralvarez.com.mx\/larevista\/blog\/jose-tomas-6"},"modified":"2024-02-23T12:44:15","modified_gmt":"2024-02-23T18:44:15","slug":"jose-tomas-6","status":"publish","type":"post","link":"https:\/\/dralvarez.com.mx\/larevista\/opiniones\/jose-tomas-6","title":{"rendered":"Jos\u00e9 Tom\u00e1s.."},"content":{"rendered":"<p><b>Por: Cristina Pad\u00edn.<\/b><\/p>\n<p>Sin ruido volvi\u00f3 a anunciarse un cartel de \u00e9l. De Jos\u00e9 Tom\u00e1s. El ni\u00f1o que vest\u00eda camisa blanca jugar\u00eda el s\u00e1bado a la vera del mar.. y su estampa evocar\u00eda un cuadro de Sorolla. En aquel instante, mientras sin ruido lleg\u00f3 otra comparecencia del Pr\u00edncipe de Galapagar, el ni\u00f1o que llevaba vaqueros se hallaba en clase entregado a la fant\u00e1stica tarea de recopilar canciones relativas al mes de mayo. <\/p>\n<p>Que al colegio se va a muchas cosas y no \u00fanicamente a aprender a multiplicar..<\/p>\n<p>Con humildad comparecer\u00eda Jos\u00e9 Tom\u00e1s.. pensar\u00eda la joven maestra cuando se enterara de que s\u00ed\u2026 S\u00ed. Torear\u00eda el diestro madrile\u00f1o en agosto en Alicante. A ver sus lances de ensue\u00f1o y sus faenas tan bellas acudir\u00e1n aficionados de mil cien partes del mundo. Porque Jos\u00e9 Tom\u00e1s conquista y convence. Gusta. Es pureza, historia y alma. Con insultos, con bronca, seguir\u00e1n diciendo los que critican.<\/p>\n<p>Para hablar de Jos\u00e9 Tom\u00e1s hay que saber apreciar y valorar. As\u00ed como para hablar de econom\u00eda hay que saber de econom\u00eda..<\/p>\n<p>Qu\u00e9 escasa gracia me hacen las cr\u00edticas constantes de esto y aquello (y qu\u00e9 poco recorrido tienen)<br \/>Dedicado a Jos\u00e9 Tom\u00e1s<br \/>A Albriux<br \/>A tomasistas<br \/>A Arnaud, con un abrazo<br \/>A mi querido Luis<br \/>Al toreo<br \/>A la afici\u00f3n de verdad<br \/>A Sorolla y al arte<br \/>A los profesores, gracias por tanto<br \/>Al mar, a mi mar..<br \/>Al mes de mayo<br \/>Y a la humildad<\/p>\n","protected":false},"excerpt":{"rendered":"<p>Por: Cristina Pad\u00edn.<\/p>\n","protected":false},"author":1025,"featured_media":36474,"comment_status":"open","ping_status":"open","sticky":false,"template":"","format":"standard","meta":{"tdm_status":"","tdm_grid_status":"","footnotes":""},"categories":[25],"tags":[],"_links":{"self":[{"href":"https:\/\/dralvarez.com.mx\/larevista\/wp-json\/wp\/v2\/posts\/21636"}],"collection":[{"href":"https:\/\/dralvarez.com.mx\/larevista\/wp-json\/wp\/v2\/posts"}],"about":[{"href":"https:\/\/dralvarez.com.mx\/larevista\/wp-json\/wp\/v2\/types\/post"}],"author":[{"embeddable":true,"href":"https:\/\/dralvarez.com.mx\/larevista\/wp-json\/wp\/v2\/users\/1025"}],"replies":[{"embeddable":true,"href":"https:\/\/dralvarez.com.mx\/larevista\/wp-json\/wp\/v2\/comments?post=21636"}],"version-history":[{"count":1,"href":"https:\/\/dralvarez.com.mx\/larevista\/wp-json\/wp\/v2\/posts\/21636\/revisions"}],"predecessor-version":[{"id":36473,"href":"https:\/\/dralvarez.com.mx\/larevista\/wp-json\/wp\/v2\/posts\/21636\/revisions\/36473"}],"wp:featuredmedia":[{"embeddable":true,"href":"https:\/\/dralvarez.com.mx\/larevista\/wp-json\/wp\/v2\/media\/36474"}],"wp:attachment":[{"href":"https:\/\/dralvarez.com.mx\/larevista\/wp-json\/wp\/v2\/media?parent=21636"}],"wp:term":[{"taxonomy":"category","embeddable":true,"href":"https:\/\/dralvarez.com.mx\/larevista\/wp-json\/wp\/v2\/categories?post=21636"},{"taxonomy":"post_tag","embeddable":true,"href":"https:\/\/dralvarez.com.mx\/larevista\/wp-json\/wp\/v2\/tags?post=21636"}],"curies":[{"name":"wp","href":"https:\/\/api.w.org\/{rel}","templated":true}]}}