{"id":21632,"date":"2022-05-09T00:00:00","date_gmt":"2022-05-09T06:00:00","guid":{"rendered":"https:\/\/dralvarez.com.mx\/larevista\/blog\/una-advertencia-mas"},"modified":"2024-02-23T12:44:07","modified_gmt":"2024-02-23T18:44:07","slug":"una-advertencia-mas","status":"publish","type":"post","link":"https:\/\/dralvarez.com.mx\/larevista\/opiniones\/una-advertencia-mas","title":{"rendered":"Una advertencia m\u00e1s"},"content":{"rendered":"<p><b><i>Se comenta solo&#8230;<\/i>, por: Carlos Ramos Padilla.*<\/b><\/p>\n<\/p>\n<p>Las se\u00f1ales equ\u00edvocas en el aeropuerto Felipe \u00c1ngeles se reproducen. Son muchos los detalles t\u00e9cnicos que hacen insegura a esa terminal adem\u00e1s de que fue inaugurada sin concluir y con fines pol\u00edticos de impacto medi\u00e1tico.<\/p>\n<p>Es in\u00e9dito que por un decreto presidencial se pretenda disminuir la actividad de un aeropuerto para incrementar los movimientos en otro aun cuando las l\u00edneas a\u00e9reas se niegan a participar en el proyecto. La inversi\u00f3n fue alt\u00edsima y las instalaciones est\u00e1n semivac\u00edas en sus \u00e1reas comerciales y de servicios.<\/p>\n<p>Pero viene una advertencia m\u00e1s: la Asociaci\u00f3n de Transporte A\u00e9reo Internacional llam\u00f3 la atenci\u00f3n de V\u00edctor Hern\u00e1ndez, director de Servicios a la Navegaci\u00f3n en el Espacio A\u00e9reo Mexicano acerca de su preocupaci\u00f3n y la de las l\u00edneas a\u00e9reas por el riesgo en la Seguridad Operacional, ante la falta de comunicaci\u00f3n entre los controladores de tr\u00e1nsito a\u00e9reo de esa dependencia y los pilotos aviadores que permanentemente elaboran reportes al respecto.<\/p>\n<p>Son 290 aerol\u00edneas de diferentes pa\u00edses que han expresado la urgencia por una reuni\u00f3n para concretar un plan de trabajo con resultados a corto, mediano y largo plazo que permita evitar accidentes por impacto contra el terreno en aproximaci\u00f3n al Aeropuerto Internacional de la Ciudad de M\u00e9xico. Cuando se inici\u00f3 y se puso en marcha el redise\u00f1o del espacio a\u00e9reo sobre la CDMX se dio a conocer el hecho de que dos aeronaves estuvieron a punto de colisionar por la inexperiencia de los reci\u00e9n contratados controladores a\u00e9reos.<\/p>\n<p>La Federaci\u00f3n de Asociaciones de Pilotos de L\u00edneas A\u00e9reas, organismo que tiene representatividad mundial de las tripulaciones en organismos como la Organizaci\u00f3n de Aviaci\u00f3n Civil Internacional tambi\u00e9n ha intervenido para explicar los incidentes que han reportado los comandantes en su aproximaci\u00f3n al Benito Ju\u00e1rez. Los documentos y an\u00e1lisis est\u00e1n en poder del gobierno y lejos de rectificar ahora ordena a los medios de comunicaci\u00f3n que depende erario p\u00fablico federal que obligatoriamente deber\u00e1n transmitir algunos de sus programas desde el AIFA.<\/p>\n<p><b>Conductor del programa VaEnSerio mexiquense tv canal 34.2 izzi 135<\/b><\/p>\n<p><\/p>\n","protected":false},"excerpt":{"rendered":"<p>Se comenta solo&#8230;<\/p>\n","protected":false},"author":1168,"featured_media":36470,"comment_status":"open","ping_status":"open","sticky":false,"template":"","format":"standard","meta":{"tdm_status":"","tdm_grid_status":"","footnotes":""},"categories":[25],"tags":[],"_links":{"self":[{"href":"https:\/\/dralvarez.com.mx\/larevista\/wp-json\/wp\/v2\/posts\/21632"}],"collection":[{"href":"https:\/\/dralvarez.com.mx\/larevista\/wp-json\/wp\/v2\/posts"}],"about":[{"href":"https:\/\/dralvarez.com.mx\/larevista\/wp-json\/wp\/v2\/types\/post"}],"author":[{"embeddable":true,"href":"https:\/\/dralvarez.com.mx\/larevista\/wp-json\/wp\/v2\/users\/1168"}],"replies":[{"embeddable":true,"href":"https:\/\/dralvarez.com.mx\/larevista\/wp-json\/wp\/v2\/comments?post=21632"}],"version-history":[{"count":1,"href":"https:\/\/dralvarez.com.mx\/larevista\/wp-json\/wp\/v2\/posts\/21632\/revisions"}],"predecessor-version":[{"id":36469,"href":"https:\/\/dralvarez.com.mx\/larevista\/wp-json\/wp\/v2\/posts\/21632\/revisions\/36469"}],"wp:featuredmedia":[{"embeddable":true,"href":"https:\/\/dralvarez.com.mx\/larevista\/wp-json\/wp\/v2\/media\/36470"}],"wp:attachment":[{"href":"https:\/\/dralvarez.com.mx\/larevista\/wp-json\/wp\/v2\/media?parent=21632"}],"wp:term":[{"taxonomy":"category","embeddable":true,"href":"https:\/\/dralvarez.com.mx\/larevista\/wp-json\/wp\/v2\/categories?post=21632"},{"taxonomy":"post_tag","embeddable":true,"href":"https:\/\/dralvarez.com.mx\/larevista\/wp-json\/wp\/v2\/tags?post=21632"}],"curies":[{"name":"wp","href":"https:\/\/api.w.org\/{rel}","templated":true}]}}