{"id":21618,"date":"2022-05-05T00:00:00","date_gmt":"2022-05-05T06:00:00","guid":{"rendered":"https:\/\/dralvarez.com.mx\/larevista\/blog\/lamentable"},"modified":"2024-02-23T12:43:00","modified_gmt":"2024-02-23T18:43:00","slug":"lamentable","status":"publish","type":"post","link":"https:\/\/dralvarez.com.mx\/larevista\/opiniones\/lamentable","title":{"rendered":"Lamentable"},"content":{"rendered":"<\/p>\n<p><b><i>Se comenta solo&#8230;<\/i>, por: Carlos Ramos Padilla.*<\/b><\/p>\n<\/p>\n<p>Si en verdad vivi\u00e9ramos en un pa\u00eds como Dinamarca como prometi\u00f3 Amlo refiri\u00e9ndose al sector salud, la sociedad, los juristas y la oposici\u00f3n no podr\u00edan permitir no solamente la impunidad sino las grotescas justificaciones y contestaciones de los involucrados en la tragedia. A un a\u00f1o de distancia del desplome de un tramo de la L\u00ednea Dorada y ante un menosprecio a las 26 familias que quedaron enlutadas lo qu\u00e9 pasa es que no pasa nada y dejan pasar.<\/p>\n<p>La se\u00f1ora Serran\u00eda hiperprotegida por el gobierno y la se\u00f1ora Sheinbaum advirtiendo a los legisladores del PAN que demandan claridad y justicia que \u201cles va a ir mal, hip\u00f3critas, ruines. Afirma que se deben revisar los intereses de los abogados de familiares de las v\u00edctimas de la L\u00ednea 12 que no han aceptado el acuerdo\u2026 El 24 de junio del 2021 L\u00f3pez Obrador dijo textual. \u201cYo ya puedo decirle a la gente de Tl\u00e1huac y a la gente de Iztapalapa y de Chalco, los que utilizan ese sistema de transporte, que a m\u00e1s tardar en un a\u00f1o est\u00e1 funcionando de nuevo la l\u00ednea con toda la seguridad, y es mi palabra\u201d.<\/p>\n<p>Pues fall\u00f3 otra vez el exdirector del Metro, Jorge Gavi\u00f1o escribi\u00f3 en twitter: \u201cTodos los dict\u00e1menes t\u00e9cnicos apuntan a fallas en el dise\u00f1o, construcci\u00f3n y supervisi\u00f3n de la obra, ah\u00ed est\u00e1n los responsables de las muertes. El principal responsable pol\u00edtico es @m_ebrard, la verdadera lealtad con la gente ser\u00eda reconocerlo y pedir disculpas\u201d y ante esto, ha recibido a \u201cmensajeros\u201d con advertencias y amenazas, incluso de un defensor del canciller como Fernando Coca.<\/p>\n<p>La llamada Linea Dorada (como con los segundos niveles de perif\u00e9rico y el AIFA) fue inaugurada sin concluir evidenciando improvisaciones, fallas, pero con la intenci\u00f3n de enga\u00f1ar pol\u00edticamente a la poblaci\u00f3n Mario Delgado tendr\u00eda mucho que explicar dado que fue el titular de finanzas y manejaba el presupuesto de la ciudad en la administraci\u00f3n de Ebrard. Hace apenas unas horas el presidente L\u00f3pez Obrador inform\u00f3 en redes sociales:<\/p>\n<p>\u201cHace 20 a\u00f1os hicimos un contrato con Bombardier, ahora asociada a Alstom, para comprar 45 trenes y 400 vagones del Metro de la Ciudad de M\u00e9xico hoy firmamos con las mismas empresas la adquisici\u00f3n de 42 trenes con 210 vagones para el Tren Maya\u201d. En aquel entonces (hace 20 a\u00f1os) acus\u00f3 a gobiernos anteriores de abuso y despilfarro presumiendo ahorros importantes en su gesti\u00f3n. Lo que no dijo es que los vagones que compr\u00f3 fueron m\u00e1s baratas por presentar un sillero m\u00e1s corriente y entre otras cosas no contar con el sistema de aire acondicionado.<\/p>\n<p>En sus m\u00faltiples contradicciones acusa a empresas como Iberdrola de saquear como extranjeros al pa\u00eds en el sector energ\u00e9tico pero para el Tren Maya firma con Bombardier, empresa canadiense. El gobierno mexicano, el mismo que prometi\u00f3 resolver Ayotzinapa, evadi\u00f3 hoy su responsabilidad ante la tragedia del Metro (ya document\u00e9 en una sesi\u00f3n anterior todos los incidentes con muertes en la gesti\u00f3n de Serrania).<\/p>\n<p>Los responsables son \u201cdestapados\u201d a una carrera presidencial por el mismo gobernante, Amlo, que deber\u00eda enfrentar los il\u00edcitos de sus empleados. S\u00ed fu\u00e9ramos como Dinamarca varios ya estar\u00edan inhabilitados y encarcelados, las familias protegidas y el sistema de transporte funcionando con la misma determinaci\u00f3n con que se ejecutan obras como el AIFA o el Tren Maya, incluso la remodelaci\u00f3n de estadios de B\u00e9isbol.<\/p>\n<p>La izquierda contestar\u00eda hoy gobernante acusaba de \u201casesinos\u201d a otros del pasado toda vez que ocurr\u00eda una tragedia, incluso por fen\u00f3menos naturales hoy los gritones exclaman \u201cpresidente\u201d, \u201cpresidenta\u201d a los primeros se\u00f1alados como responsables. Eso demuestra que estamos muy pero muy lejos de aplicar el Estado de Derecho como lo hacen los daneses. No pueden resolver el asunto de 43 j\u00f3venes desaparecidos en Guerrero, pero si pueden esconderse cuando de su responsabilidad se trata.<\/p>\n<p>La oposici\u00f3n en el pa\u00eds dijo \u201cPero bien saben los conocedores de la historia y de la ciencia pol\u00edtica que no: gobierno y Morena est\u00e1n persiguiendo e intimidando a quienes difieren del proyecto en el poder. No quieren di\u00e1logo democr\u00e1tico buscan sometimiento\u201d. Pero c\u00f3mo seguimos en M\u00e9xico con este gobierno, todo, todo, se resume a la falla de unos pernos!<\/p>\n<p><b><i>*Conductor del programa VaEnSerio mexiquensetv canal 34.2 izzi 125<\/i><\/b><\/p>\n","protected":false},"excerpt":{"rendered":"<p>Se comenta solo&#8230;<\/p>\n","protected":false},"author":1168,"featured_media":36456,"comment_status":"open","ping_status":"open","sticky":false,"template":"","format":"standard","meta":{"tdm_status":"","tdm_grid_status":"","footnotes":""},"categories":[25],"tags":[],"_links":{"self":[{"href":"https:\/\/dralvarez.com.mx\/larevista\/wp-json\/wp\/v2\/posts\/21618"}],"collection":[{"href":"https:\/\/dralvarez.com.mx\/larevista\/wp-json\/wp\/v2\/posts"}],"about":[{"href":"https:\/\/dralvarez.com.mx\/larevista\/wp-json\/wp\/v2\/types\/post"}],"author":[{"embeddable":true,"href":"https:\/\/dralvarez.com.mx\/larevista\/wp-json\/wp\/v2\/users\/1168"}],"replies":[{"embeddable":true,"href":"https:\/\/dralvarez.com.mx\/larevista\/wp-json\/wp\/v2\/comments?post=21618"}],"version-history":[{"count":1,"href":"https:\/\/dralvarez.com.mx\/larevista\/wp-json\/wp\/v2\/posts\/21618\/revisions"}],"predecessor-version":[{"id":36455,"href":"https:\/\/dralvarez.com.mx\/larevista\/wp-json\/wp\/v2\/posts\/21618\/revisions\/36455"}],"wp:featuredmedia":[{"embeddable":true,"href":"https:\/\/dralvarez.com.mx\/larevista\/wp-json\/wp\/v2\/media\/36456"}],"wp:attachment":[{"href":"https:\/\/dralvarez.com.mx\/larevista\/wp-json\/wp\/v2\/media?parent=21618"}],"wp:term":[{"taxonomy":"category","embeddable":true,"href":"https:\/\/dralvarez.com.mx\/larevista\/wp-json\/wp\/v2\/categories?post=21618"},{"taxonomy":"post_tag","embeddable":true,"href":"https:\/\/dralvarez.com.mx\/larevista\/wp-json\/wp\/v2\/tags?post=21618"}],"curies":[{"name":"wp","href":"https:\/\/api.w.org\/{rel}","templated":true}]}}