{"id":21608,"date":"2022-05-02T00:00:00","date_gmt":"2022-05-02T06:00:00","guid":{"rendered":"https:\/\/dralvarez.com.mx\/larevista\/blog\/madres-y-mayo-y-maios"},"modified":"2024-02-23T12:42:15","modified_gmt":"2024-02-23T18:42:15","slug":"madres-y-mayo-y-maios","status":"publish","type":"post","link":"https:\/\/dralvarez.com.mx\/larevista\/opiniones\/madres-y-mayo-y-maios","title":{"rendered":"Madres y mayo y Maios&#8230;"},"content":{"rendered":"<p><b>Por: Cristina Pad\u00edn.<\/b><\/p>\n<p>Lleg\u00f3 I de un pa\u00eds lejano con su beb\u00e9. Era al fin madre.. gracias a aquella opci\u00f3n que tan feliz la hac\u00eda. Su beb\u00e9 era rubio de ojos azules, iba a llamarle P, seguro en breve se llevar\u00eda genial con sus primos: los hijos de su hermano A. Cuando el peque\u00f1o creciera no se llevar\u00edan los cuatro muchos a\u00f1os.. y podr\u00edan ir juntos al f\u00fatbol y a los toros.. a las fiestas y a las aventuras nocturnas.<\/p>\n<p>Se junt\u00f3 aquella tarde que iniciaba el bello mes de mayo con C, que era gallega y era madrina de una preciosa ni\u00f1a. Les contaba de Os Maios, una celebraci\u00f3n gallega de canto a la vida y a la primavera mucho m\u00e1s que bonita. Tambi\u00e9n se reuni\u00f3 con ellas E, que se hab\u00eda casado en Sevilla con su primer novio y era madre de L y de B. Y tambi\u00e9n S, madre de acogida de un joven senegal\u00e9s.<\/p>\n<p>As\u00ed, todas unidas por la amistad y por un nexo de comuni\u00f3n com\u00fan, aquellas mujeres festejaron en el segundo d\u00eda del mes de la Virgen la llegada de las tardes largas. La maternidad, de un tipo o de otro. Brindaron por ellas y por la vida\u2026 y, junto a una playa plateada y hermosa, estuvieron pendientes del toreo en La Maestranza. Era d\u00eda de la Comunidad de Madrid, donde todas se hab\u00edan conocido..<\/p>\n<p>A las madres, ayer y hoy y siempre<br \/>A mi querida madre<br \/>A cada mujer con el pensamiento de ser madre<br \/>A Galicia <br \/>A Sevilla<br \/>Al toreo<br \/>A Madrid, hoy y siempre. Viv\u00ed en Madrid, ciudad que disfrut\u00e9 en tragos largos, en la que aprend\u00ed much\u00edsimo<br \/>A mi querido Luis<br \/>A Bel\u00e9n, Ana, Rosario, Pau, Grethel<br \/>A Carlos<br \/>A Os Maios, celebraci\u00f3n que adoro<br \/>A la valent\u00eda y a la verdad<\/p>\n","protected":false},"excerpt":{"rendered":"<p>Por: Cristina Pad\u00edn.<\/p>\n","protected":false},"author":1025,"featured_media":36446,"comment_status":"open","ping_status":"open","sticky":false,"template":"","format":"standard","meta":{"tdm_status":"","tdm_grid_status":"","footnotes":""},"categories":[25],"tags":[],"_links":{"self":[{"href":"https:\/\/dralvarez.com.mx\/larevista\/wp-json\/wp\/v2\/posts\/21608"}],"collection":[{"href":"https:\/\/dralvarez.com.mx\/larevista\/wp-json\/wp\/v2\/posts"}],"about":[{"href":"https:\/\/dralvarez.com.mx\/larevista\/wp-json\/wp\/v2\/types\/post"}],"author":[{"embeddable":true,"href":"https:\/\/dralvarez.com.mx\/larevista\/wp-json\/wp\/v2\/users\/1025"}],"replies":[{"embeddable":true,"href":"https:\/\/dralvarez.com.mx\/larevista\/wp-json\/wp\/v2\/comments?post=21608"}],"version-history":[{"count":1,"href":"https:\/\/dralvarez.com.mx\/larevista\/wp-json\/wp\/v2\/posts\/21608\/revisions"}],"predecessor-version":[{"id":36445,"href":"https:\/\/dralvarez.com.mx\/larevista\/wp-json\/wp\/v2\/posts\/21608\/revisions\/36445"}],"wp:featuredmedia":[{"embeddable":true,"href":"https:\/\/dralvarez.com.mx\/larevista\/wp-json\/wp\/v2\/media\/36446"}],"wp:attachment":[{"href":"https:\/\/dralvarez.com.mx\/larevista\/wp-json\/wp\/v2\/media?parent=21608"}],"wp:term":[{"taxonomy":"category","embeddable":true,"href":"https:\/\/dralvarez.com.mx\/larevista\/wp-json\/wp\/v2\/categories?post=21608"},{"taxonomy":"post_tag","embeddable":true,"href":"https:\/\/dralvarez.com.mx\/larevista\/wp-json\/wp\/v2\/tags?post=21608"}],"curies":[{"name":"wp","href":"https:\/\/api.w.org\/{rel}","templated":true}]}}