{"id":21596,"date":"2022-05-02T00:00:00","date_gmt":"2022-05-02T06:00:00","guid":{"rendered":"https:\/\/dralvarez.com.mx\/larevista\/blog\/la-busqueda-del-equilibrio-tras-la-perdida-vivir-el-proceso"},"modified":"2024-02-23T12:41:58","modified_gmt":"2024-02-23T18:41:58","slug":"la-busqueda-del-equilibrio-tras-la-perdida-vivir-el-proceso","status":"publish","type":"post","link":"https:\/\/dralvarez.com.mx\/larevista\/opiniones\/la-busqueda-del-equilibrio-tras-la-perdida-vivir-el-proceso","title":{"rendered":"La B\u00fasqueda del Equilibrio tras la P\u00e9rdida Vivir el Proceso"},"content":{"rendered":"<p><b>Por: Jorge Valladares S\u00e1nchez  y Alejandro Benavides Rosales.<\/b><\/p>\n<p><b>En Facebook y en Youtube: Dr. Jorge Valladares  \/ Psic. Alejandro Benavides<\/b><\/p>\n<\/p>\n<p>En octubre del a\u00f1o<br \/>\npasado tuve la oportunidad de compartir en este amable espacio, que nos brinda<br \/>\nLa Revista Peninsular, una experiencia multivalente, en relaci\u00f3n con la<br \/>\nparticipaci\u00f3n de mi amado hijo en una puesta en escena que sin duda est\u00e1<br \/>\ncontribuyendo a la sensibilizaci\u00f3n y conciencia del problema del suicidio, en<br \/>\nparticular en nuestro Yucat\u00e1n.<\/p>\n<p>Jorge Valladares,<br \/>\n\u00e9l, da vida a Gallito, en La Ultima Carta. Un joven deportista que est\u00e1 en camino hacia el \u00e9xito y la fama en el<br \/>\nbox profesional, cuando una pelea muy importante que puede catapultarlo a sus<br \/>\nsue\u00f1os se acerca y acelera el ritmo de sus conflictos personales. En paralelo,<br \/>\nen un hogar similar, Mar\u00eda enfrenta el rechazo y frustraciones de su<br \/>\npadre, que dej\u00f3 todo cuando no se animaron a terminar el embarazo que origin\u00f3<br \/>\nla vida de esta chica.<\/p>\n<p>Precisamente la<br \/>\nvida de ambos personajes enfrenta los factores de riesgo que rodean a muchos de<br \/>\nnuestros hijos, amenazando con darle un final autoinfligido. Y el drama se<br \/>\nacompa\u00f1a de las acciones que los padres, en sus motivaciones y limitaciones,<br \/>\npueden ejecutar como factores protectores, con m\u00e1s \u00e9xito en uno de los casos<br \/>\nque en el otro.<\/p>\n<p>Este 19 y 20 de<br \/>\nmayo la obra volver\u00e1 a presentarse en un escenario maravilloso, el teatro<br \/>\nArmando Manzanero, coincidiendo el segundo d\u00eda con otra fecha muy significativa<br \/>\npara m\u00ed, el D\u00eda del Psic\u00f3logo.<\/p>\n<p>Las emociones se<br \/>\nmezclan; ver a Jorge y sus amigos\/as actores desplegar tanto talento, as\u00ed como<br \/>\nrevivir la intensa trayectoria que en sus 22 a\u00f1os ha recorrido ya. Valorar el<br \/>\ntrabajo de Pinz\u00f3n Music para dedicar una obra musical a este tema tan<br \/>\nimportante. Saber que esas situaciones son tan comunes y tan cercanas que<br \/>\nasusta y ocupa la mente de miles de padres, as\u00ed como la paradoja de que otros<br \/>\ntantos y muchas autoridades carezcan de la involucraci\u00f3n b\u00e1sica para estar<br \/>\nalerta y ser parte de la soluci\u00f3n\u2026<\/p>\n<p>Recordar que hay<br \/>\nexcepciones como mi querida amiga, Loreto Villanueva, y un conjunto de<br \/>\nFuncionarios\/as que ejerciendo su buen liderazgo pusieron a estos artistas<br \/>\nfrente a miles de j\u00f3venes que justamente pueden valorar el mensaje y<br \/>\napropi\u00e1rselo para cualquier situaci\u00f3n que enfrenten\u2026 A la vez, saber que la<br \/>\nestad\u00edstica sigue la ruta que tem\u00eda nuestro tambi\u00e9n muy querido Gaspar<br \/>\nBaquedano, y de paso volver a sentir su partida, recientemente ocurrida.<\/p>\n<p>Luego de un conteo<br \/>\nde los datos de casos en Yucat\u00e1n, M\u00e9xico y el mundo, procuraba en aquel<br \/>\nart\u00edculo invitar a la involucraci\u00f3n, que es natural en el caso de amigos y<br \/>\nfamiliares, pero que tiene que llegarnos como comunidad y sociedad. De modo que<br \/>\nnos ocupemos de encontrar a las personas adecuadas para guiarnos a acompa\u00f1ar<br \/>\nfraternalmente a todo ser humano, en especial cuando pasa por problemas<br \/>\nsociales y emocionales que sabemos le ponen en circunstancias de cuestionar la<br \/>\nvida misma.<\/p>\n<p>Saber qu\u00e9 hacer,<br \/>\nc\u00f3mo hacerlo y decidirnos a actuar con cualquier persona a la que veamos en<br \/>\nriesgo o escuchemos que vive circunstancias que requieren de apoyo. La<br \/>\nfraternidad universal, creo, se llama. Aplicada en una situaci\u00f3n que<br \/>\nciertamente no tiene regreso cuando no hay apoyo oportuno.<\/p>\n<p>En ese revuelo de<br \/>\nideas y emociones, reflexionaba tambi\u00e9n sobre otra enorme necesidad, intensa y<br \/>\nfrecuente; la de contar con especialistas capaces de ense\u00f1arnos o acompa\u00f1arnos<br \/>\na pasar por lo que se denomina DUELO, palabra que en su origen se refer\u00eda<br \/>\nparticularmente al dolor frente a la muerte de un ser querido, pero que hoy se<br \/>\nvisualiza en su alcance m\u00e1s amplio a diversas formas de p\u00e9rdida emocional.<\/p>\n<p>Tengo la fortuna<br \/>\nde conocer a una gran cantidad de profesionales valiosos\/as de diversas \u00e1reas y<br \/>\nacud\u00ed en este caso a uno de ellos, quien por m\u00e1s de dos d\u00e9cadas se ha dedicado<br \/>\nya al tema desde la tanatolog\u00eda y la psicolog\u00eda. Alejandro Benavides, merecedor<br \/>\nde mi afecto desde que tuve el honor de ser parte de su formaci\u00f3n, por su<br \/>\nsensibilidad y calidad como persona, adem\u00e1s de los talentos necesarios para la<br \/>\nenorme labor que desarrolla en torno a lo que podemos llamar \u201cLa B\u00fasqueda del<br \/>\nEquilibrio tras la P\u00e9rdida\u201d.<\/p>\n<p>Me explicaba que<br \/>\nadem\u00e1s de todo lo humano y complejo que hay alrededor de apoyar a una persona<br \/>\nen estas circunstancias, es importante visualizar que existen t\u00e9cnicas<br \/>\nespec\u00edficas que sirven en el proceso. Y es precisamente un recurso que<br \/>\ncombinado con el acompa\u00f1amiento profesional dan lugar a un verdadero proceso de<br \/>\nduelo, que no requiere ser r\u00e1pido, ni suele ser m\u00e1s f\u00e1cil, sino que se<br \/>\nconvierte en una experiencia de vida, que nutre a la persona en su crecimiento,<br \/>\nle ense\u00f1a a vivir mejor y a fortalecerse en sus relaciones y sentido personal.<br \/>\nReproduzco aqu\u00ed una s\u00edntesis de c\u00f3mo lo expresa \u00e9l.<\/p>\n<p>Casi todos se<br \/>\npreguntan, \u00bfc\u00f3mo regreso a mi equilibrio? Y bueno, antes de comenzar a dar<br \/>\nexplicaciones, hay que aclarar: Existen muchas t\u00e9cnicas y herramientas para<br \/>\nreencontrarlo.<\/p>\n<p>Lo primero que<br \/>\ntenemos que hacer, es aceptar y expresar las emociones que estamos sintiendo.<br \/>\nEsta manera como comienzo para recuperar el equilibrio es algo en lo que<br \/>\ncoinciden todos los enfoques psicol\u00f3gicos.<\/p>\n<p>Luego suelen<br \/>\npreguntar, \u00bfregreso a mi equilibrio anterior? Y la respuesta es No. Ya que nada<br \/>\nvuelve a ser como antes. Sin embargo, hay que empezar a aclarar que no porque<br \/>\nno sea como antes no va a ser bueno y muy sano el nuevo equilibrio, el nuevo<br \/>\nambiente, las nuevas relaciones; y principalmente el nuevo o nuevos sentidos de<br \/>\nvida.<\/p>\n<p>\u201c\u00danicamente<br \/>\naquellos que evitan el amor, pueden evitar el dolor del duelo. Lo importante es<br \/>\ncrecer, a trav\u00e9s del duelo, y seguir permaneciendo vulnerables al amor\u201d &#8211; John<br \/>\nBrantner. Este autor nos dice una gran verdad, ya que para acoplarte a la nueva<br \/>\nvida que ahora llevas tienes que permitirte sentir al 100%, y no podemos negar<br \/>\nque ahora es dif\u00edcil, pues mucho de lo que se siente es dolor, y muy fuerte.<br \/>\nPero es necesario para avanzar en el proceso de duelo, por eso nos ayuda mucho<br \/>\npermitirnos seguir sintiendo.<\/p>\n<p>Por eso, tambi\u00e9n<br \/>\nel mismo Freud ya nos dec\u00eda \u201crecordar es el mejor modo de olvidar\u201d,<br \/>\nrefiri\u00e9ndose a no dejar de sentir ni evitar las emociones, sino recordar y<br \/>\nexpresar las emociones el tiempo que fuere necesario, y as\u00ed entonces, no es que<br \/>\nya olvidemos a la persona que se fue, sino que ya dejar\u00edamos atr\u00e1s el dolor tan<br \/>\nintenso con el que comenzamos.<\/p>\n<p>Boris Cyrulnik nos<br \/>\ndice que \u201cla resiliencia es el arte de navegar en los torrentes, el arte de<br \/>\nmetamorfosear el dolor para darle sentido; la capacidad de ser feliz incluso<br \/>\ncuando tienes heridas en el alma\u201d. Y esto es algo que nos ayuda mucho aplicar<br \/>\nen el duelo, ya que nos ense\u00f1a que aunque la situaci\u00f3n sea dif\u00edcil y dolorosa,<br \/>\naun es posible seguir avanzando, y que incluso saldremos adelante mejor, al<br \/>\npoder darle sentido a ese dolor, a esa situaci\u00f3n o p\u00e9rdida en la que nos<br \/>\nencontramos, llegamos a aprender a trascender el dolor, transformarlo, y as\u00ed<br \/>\ndesaparece ese dolor y se convierte en un motor de energ\u00eda motivadora.<\/p>\n<p>\u201cLo que una vez<br \/>\ndisfrutamos, nunca lo perdemos. Todo lo que amamos profundamente se convierte<br \/>\nen parte de nosotros mismos.\u201d  Hellen<br \/>\nKeller dijo esto hace mucho y coincido, lo he visto en todos los casos de duelo<br \/>\nque he tratado, ya que la persona que se fue f\u00edsicamente, sigue y seguir\u00e1 en lo<br \/>\nmental, en lo emocional y por supuesto en lo espiritual, de una u otra manera.<br \/>\nPues siempre ser\u00e1 parte de nuestra historia de vida.<\/p>\n<p>Paulo Coelho nos<br \/>\ndice \u201ccierra ciclos, no por orgullo, sino porque eso ya no encaja en tu vida\u201d.<br \/>\nAqu\u00ed s\u00f3lo hay que tener cuidado, pues tal vez no encaje desde una visi\u00f3n<br \/>\ncognitiva, pero en la parte emocional e incluso en la espiritual puede seguir<br \/>\nencajando y por un buen tiempo. Hemos llegado a tomar como moda el cerrar los<br \/>\nciclos, como si fuera prioridad, pero se nos olvida que el duelo es individual,<br \/>\nmuy diferente en cada persona, a diferente ritmo y con diferentes m\u00e9todos cada quien.<\/p>\n<p>El acompa\u00f1amiento<br \/>\nes otra t\u00e9cnica que siempre va a ayudar mucho a la persona que est\u00e1 en duelo. Y<br \/>\ncomo su nombre lo dice, se trata tan s\u00f3lo de acompa\u00f1ar a la persona. Sin tratar<br \/>\nde decirle ciertas palabras o abrazarlas; sino literal, estar con la persona,<br \/>\ndispuesto a escuchar y sin juzgar.<\/p>\n<p>Por lo tanto, es<br \/>\nimportante nunca olvidar que somos seres humanos, y por lo mismo, tenemos<br \/>\nemociones y necesitamos expresarlas, y las principales en el proceso de duelo<br \/>\nson la tristeza y la ira. Por eso es significativo que nos sigamos permitiendo<br \/>\nexpresar nuestras emociones: llorar lo que necesitemos llorar, gritar lo que<br \/>\nnecesitemos gritar.<\/p>\n<p>Marcel Proust nos<br \/>\ndice que \u201cs\u00f3lo sanamos de un dolor cuando lo padecemos plenamente\u201d, es decir,<br \/>\nhay que sentir al 100% ese dolor para poder trascenderlo y transformarlo. Ya<br \/>\nque evadiendo, negando, reprimiendo tu dolor no vas a lograr terminar un duelo.<br \/>\nHay que vivirlo.<\/p>\n<p>\u201cEl Dios en quien<br \/>\nyo creo no nos manda el problema, sino la fuerza para sobrellevarlo.\u201d Esta<br \/>\nfrase de Kushner muchas veces ayuda muy bien, le da fortaleza a personas que<br \/>\nviven profundamente su religi\u00f3n. Hay que tener en cuenta que no siempre ocurre<br \/>\nesto, tambi\u00e9n puede pasar que la persona que est\u00e1 en duelo rechace esta frase y<br \/>\nllegue hasta a cuestionar su fe.<\/p>\n<p>El saber utilizar<br \/>\nel sentido del humor es tambi\u00e9n muy importante y significativo para el proceso<br \/>\nde duelo, por eso les digo: \u201cDale un pez a un hombre y comer\u00e1 un d\u00eda, dale a tu<br \/>\ncuerpo alegr\u00eda macarena y ver\u00e1s que tu cuerpo es pa\u00b4 darle alegr\u00eda y cosa buena&#8221;.<br \/>\nEs un ejemplo que nos puede hace recordar que estar en duelo no tiene que<br \/>\nsignificar puro dolor, las emociones son temporales, por momentos, variadas,<br \/>\npor lo tanto puede haber tambi\u00e9n alegr\u00eda por otras razones y momentos en los<br \/>\nque necesitamos reirnos y pasarla bien, y no por estar en luto o proceso de<br \/>\nduelo no vamos a vivir lo que necesitamos.<\/p>\n<p>Otro autor nos<br \/>\ndice que \u201clo que importa no es lo que la vida te hace, sino lo que t\u00fa haces con<br \/>\nlo que la vida te hace\u201d. Y esto nos habla mucho sobre la madurez y el<br \/>\nconocimiento aplicados a las reacciones que me permito tener en un duelo.<\/p>\n<p>Por eso, es muy<br \/>\nimportante y famosa la siguiente frase, que tal vez ya la hayamos escuchado<br \/>\nmuchas veces en nuestro desarrollo espiritual: \u201cSe\u00f1or, dame la serenidad para<br \/>\naceptar las cosas que no puedo cambiar, valor para cambiar las cosas que puedo<br \/>\ny sabidur\u00eda para poder diferenciarlas\u201d.<\/p>\n<p>Por \u00faltimo, algo<br \/>\nque te puede ayudar a seguir adelante es que no te olvides que t\u00fa te mereces<br \/>\nser feliz, y que no tienes por qu\u00e9 necesitar de otra persona para ser feliz.<br \/>\nPuede parecer algo ego\u00edsta, pero es la realidad de la vida y tambi\u00e9n es verdad<br \/>\nque ese tipo de \u201cego\u00edsmo\u201d es necesario al principio del proceso de duelo, en<br \/>\notras palabras, enf\u00f3cate en ti, oc\u00fapate de ti.<\/p>\n<p>Hasta ah\u00ed sus<br \/>\npalabras. Como podemos ver, algunas de estas ideas est\u00e1n muy alineadas a<br \/>\nexperiencias que seguramente hemos tenido, y otras cobran claridad total cuando<br \/>\nse experimentan en alguna de las sesiones o ejercicios que \u00e9l realiza. Los<br \/>\npuntos principales que rescato son la importancia de buscar ayuda profesional<br \/>\ncuando la requerimos y la urgencia de normalizar que podemos pasar por procesos<br \/>\nde duelo y verlos como una experiencia necesaria y relevante de vida, que no<br \/>\ndebemos evitar o tratar de terminar, sino de integrar a nuestra experiencia y<br \/>\nconocimiento de lo que somos y vivimos.<\/p>\n<p>Ante la<br \/>\ncoincidencia de las fechas de La \u00daltima Carta, obra que despert\u00f3 todas estas<br \/>\nreflexiones, con la celebraci\u00f3n de la profesi\u00f3n que Alejandro y yo vivimos con<br \/>\norgullo: deseo lo mejor a cada colega Psic\u00f3logo\/a de nuestro Pa\u00eds. Y a mis<br \/>\nbuenos amigos\/as que radican en Yucat\u00e1n les invito a darse la oportunidad de<br \/>\nasistir a la presentaci\u00f3n y vean todo el potencial que tiene esta compa\u00f1\u00eda para<br \/>\nsumar esfuerzos desde distintas \u00f3pticas en una de tantas y tan humanas labores<br \/>\nen las que nuestra vocaci\u00f3n nos da la oportunidad de servir.<\/p>\n<p>Igual y coincidimos<br \/>\nall\u00ed el 20 de mayo, y saliendo tenemos la oportunidad de chocar nuestras copas<br \/>\nen alguno de los acogedores lugarcitos que hoy caracterizan a nuestra Blanca<br \/>\nM\u00e9rida. Salud por la vida, salud por la gente, y salud hermanos\/as de<br \/>\nprofesi\u00f3n.<\/p>\n<p>&#8212;&#8212;&#8212;&#8212;&#8212;&#8212;&#8212;&#8212;&#8212;&#8212;&#8212;&#8212;&#8211;<br \/><b>*Jorge Valladares S\u00e1nchez<\/b><br \/>Pap\u00e1,<br \/>\nCiudadano, Consultor.<br \/>Especialista,<br \/>\nMaestro y Licenciado en Psicolog\u00eda<br \/>&nbsp;<br \/><b>*Alejandro<br \/>\nBenavides Rosales<\/b><br \/>Pap\u00e1, Tanat\u00f3logo.<br \/>Maestro en Psicoterapia Humanista<\/p><\/p>\n","protected":false},"excerpt":{"rendered":"<p>Por: Jorge Valladares S\u00e1nchez\ty Alejandro Benavides Rosales.<\/p>\n","protected":false},"author":1112,"featured_media":36437,"comment_status":"open","ping_status":"open","sticky":false,"template":"","format":"standard","meta":{"tdm_status":"","tdm_grid_status":"","footnotes":""},"categories":[25],"tags":[],"_links":{"self":[{"href":"https:\/\/dralvarez.com.mx\/larevista\/wp-json\/wp\/v2\/posts\/21596"}],"collection":[{"href":"https:\/\/dralvarez.com.mx\/larevista\/wp-json\/wp\/v2\/posts"}],"about":[{"href":"https:\/\/dralvarez.com.mx\/larevista\/wp-json\/wp\/v2\/types\/post"}],"author":[{"embeddable":true,"href":"https:\/\/dralvarez.com.mx\/larevista\/wp-json\/wp\/v2\/users\/1112"}],"replies":[{"embeddable":true,"href":"https:\/\/dralvarez.com.mx\/larevista\/wp-json\/wp\/v2\/comments?post=21596"}],"version-history":[{"count":1,"href":"https:\/\/dralvarez.com.mx\/larevista\/wp-json\/wp\/v2\/posts\/21596\/revisions"}],"predecessor-version":[{"id":36436,"href":"https:\/\/dralvarez.com.mx\/larevista\/wp-json\/wp\/v2\/posts\/21596\/revisions\/36436"}],"wp:featuredmedia":[{"embeddable":true,"href":"https:\/\/dralvarez.com.mx\/larevista\/wp-json\/wp\/v2\/media\/36437"}],"wp:attachment":[{"href":"https:\/\/dralvarez.com.mx\/larevista\/wp-json\/wp\/v2\/media?parent=21596"}],"wp:term":[{"taxonomy":"category","embeddable":true,"href":"https:\/\/dralvarez.com.mx\/larevista\/wp-json\/wp\/v2\/categories?post=21596"},{"taxonomy":"post_tag","embeddable":true,"href":"https:\/\/dralvarez.com.mx\/larevista\/wp-json\/wp\/v2\/tags?post=21596"}],"curies":[{"name":"wp","href":"https:\/\/api.w.org\/{rel}","templated":true}]}}