{"id":21586,"date":"2022-05-02T00:00:00","date_gmt":"2022-05-02T06:00:00","guid":{"rendered":"https:\/\/dralvarez.com.mx\/larevista\/blog\/ya-estamos-en-2024"},"modified":"2024-02-23T12:41:43","modified_gmt":"2024-02-23T18:41:43","slug":"ya-estamos-en-2024","status":"publish","type":"post","link":"https:\/\/dralvarez.com.mx\/larevista\/opiniones\/ya-estamos-en-2024","title":{"rendered":"Ya estamos en 2024"},"content":{"rendered":"<p><b>Por: Pascal Beltr\u00e1n del R\u00edo.<\/b><\/p>\n<\/p>\n<p>Poco dur\u00f3 el \u00e1nimo negociador del gobierno del<br \/>\npresidente Andr\u00e9s Manuel L\u00f3pez Obrador. Aunque por un momento se cre\u00f3 la idea<br \/>\nque el secretario de Gobernaci\u00f3n, Ad\u00e1n Augusto L\u00f3pez, hab\u00eda asumido el cargo, a<br \/>\nfinales de agosto pasado, con la encomienda de encontrar puntos de<br \/>\nentendimiento con la oposici\u00f3n, la moderaci\u00f3n tuvo corta vida. <\/p>\n<p>Apenas se estaba organizando una mesa de di\u00e1logo en<br \/>\nBucareli, con el Partido Acci\u00f3n Nacional, cuando el propio L\u00f3pez Obrador se<br \/>\nencarg\u00f3 de echarle agua fr\u00eda. \u201cSomos radicales \u2013advirti\u00f3 a principios de enero,<br \/>\nrespondiendo a una serie de entrevistas que dio el senador Ricardo Monreal\u2013<br \/>\nporque queremos cambiar las cosas de ra\u00edz\u201d. <\/p>\n<p>El PRI, que parec\u00eda m\u00e1s proclive que el PAN a<br \/>\nencontrar puntos de coincidencia con el oficialismo, propuso que la discusi\u00f3n<br \/>\nde la reforma el\u00e9ctrica de L\u00f3pez Obrador se pospusiera para despu\u00e9s de las<br \/>\nelecciones del 5 de junio. <\/p>\n<p>Mientras tanto, se efectu\u00f3 un parlamento abierto para<br \/>\ntratar de incorporar elementos t\u00e9cnicos en un debate que hab\u00eda sido puramente<br \/>\npol\u00edtico. Sin embargo, la decisi\u00f3n que lleg\u00f3 de Palacio Nacional fue no esperar<br \/>\nm\u00e1s y votar la iniciativa en plena Semana Santa, pasara lo que pasara, tronara<br \/>\ndonde tronara.  <\/p>\n<p>Colgado de la brocha se qued\u00f3 el coordinador<br \/>\nparlamentario morenista, Ignacio Mier, quien hab\u00eda divulgado que se platicaba<br \/>\ncon la oposici\u00f3n para tomar en cuenta sus preocupaciones y crear<br \/>\nconsensos.  <\/p>\n<p>Hubo un intento final por parte del Presidente de<br \/>\ndoblar a los diputados priistas con el espantajo de que si votaban en contra<br \/>\nestar\u00edan negando a sus santones L\u00e1zaro C\u00e1rdenas y Adolfo L\u00f3pez Mateos, pero<br \/>\nnada que implicara un quid pro quo. <\/p>\n<p>No s\u00e9 si los resultados de esa estrategia \u2013la derrota<br \/>\nde la iniciativa de reforma constitucional y el fortalecimiento del bloque<br \/>\nopositor\u2013 hayan sido mal procesados por parte del gobierno o sean exactamente<br \/>\nlo que estaba deseando. Lo cierto es que, a partir de ahora, no habr\u00e1 otra sopa<br \/>\nque la confrontaci\u00f3n. &nbsp;<\/p>\n<p>No se acusa de traici\u00f3n a la patria a un grupo de<br \/>\ndiputados del que depende el \u00e9xito de las dos iniciativas que quedan pendientes<br \/>\n\u2013reforma electoral y Guardia Nacional\u2013, a menos de que ya se haya asumido que<br \/>\nno pasar\u00e1n. \u00bfQui\u00e9n negocia con traidores? \u00bfQui\u00e9n, que sea tildado de traidor,<br \/>\nquiere dialogar en esos t\u00e9rminos? No. La l\u00f3gica indica que, para el<br \/>\noficialismo, la t\u00f3nica del resto de sexenio ser\u00e1 la polarizaci\u00f3n, el contraste<br \/>\ny la confrontaci\u00f3n. <\/p>\n<p>Como la correlaci\u00f3n de fuerzas en el Congreso no<br \/>\npermite pensar en ampliar el legado de modificaciones constitucionales, lo que<br \/>\nqueda es librar desde ya la batalla por la sucesi\u00f3n presidencial, con las<br \/>\nelecciones de gobernador en ocho estados \u2013seis este a\u00f1o y dos en 2023\u2013 como<br \/>\n\u00fanicas estaciones intermedias. <\/p>\n<p>La apuesta del oficialismo es arriesgada. Es verdad<br \/>\nque L\u00f3pez Obrador gan\u00f3 la elecci\u00f3n de 2018 con base en dividir a la sociedad<br \/>\nmexicana. Pero las condiciones en 2024 \u00bfser\u00e1n las mismas que seis a\u00f1os atr\u00e1s? Y<br \/>\nm\u00e1s importante: la simpat\u00eda por L\u00f3pez Obrador \u00bfse puede transferir<br \/>\nautom\u00e1ticamente a quien sea el candidato o candidata del oficialismo? <\/p>\n<p>Hay quienes dicen que el hecho de que la oposici\u00f3n a\u00fan<br \/>\nno tenga aspirante para competir en esos comicios es una ventaja para Morena y<br \/>\nsus aliados. No estoy tan seguro. Ning\u00fan opositor ha tenido que sufrir el<br \/>\ndesgaste a que han sido sometidos Marcelo Ebrard y Claudia Sheinbaum, quienes<br \/>\ndesde hace meses fueron lanzados al ruedo por L\u00f3pez Obrador. <\/p>\n<p>La mayor preocupaci\u00f3n de la oposici\u00f3n en estos<br \/>\nmomentos es mantenerse cohesionada. Pero de eso se ha encargado la decisi\u00f3n,<br \/>\nseguramente del propio Presidente, de negociar nada con ella. <\/p>\n<p>Acusar de traici\u00f3n a la patria a los diputados del<br \/>\nbando contrario puede alimentar la visi\u00f3n de buenos contra malos de la que se<br \/>\nhan servido L\u00f3pez Obrador y sus compa\u00f1eros de viaje, pero, al mismo tiempo,<br \/>\nasegura que sean menos probables las fisuras en el bloque opositor. <\/p>\n<p>Para bien o para mal, la carrera presidencial de 2024<br \/>\nya comenz\u00f3. A\u00fan queda mucho por ver, desde luego, pero lo indudable es que, de<br \/>\nahora en adelante toda la energ\u00eda de los partidos y el gobierno se destinar\u00e1 a<br \/>\ncrear las condiciones para ganar esa contienda.<\/p><\/p>\n","protected":false},"excerpt":{"rendered":"<p>Por: Pascal Beltr\u00e1n del R\u00edo.<\/p>\n","protected":false},"author":1127,"featured_media":36428,"comment_status":"open","ping_status":"open","sticky":false,"template":"","format":"standard","meta":{"tdm_status":"","tdm_grid_status":"","footnotes":""},"categories":[25],"tags":[],"_links":{"self":[{"href":"https:\/\/dralvarez.com.mx\/larevista\/wp-json\/wp\/v2\/posts\/21586"}],"collection":[{"href":"https:\/\/dralvarez.com.mx\/larevista\/wp-json\/wp\/v2\/posts"}],"about":[{"href":"https:\/\/dralvarez.com.mx\/larevista\/wp-json\/wp\/v2\/types\/post"}],"author":[{"embeddable":true,"href":"https:\/\/dralvarez.com.mx\/larevista\/wp-json\/wp\/v2\/users\/1127"}],"replies":[{"embeddable":true,"href":"https:\/\/dralvarez.com.mx\/larevista\/wp-json\/wp\/v2\/comments?post=21586"}],"version-history":[{"count":1,"href":"https:\/\/dralvarez.com.mx\/larevista\/wp-json\/wp\/v2\/posts\/21586\/revisions"}],"predecessor-version":[{"id":36427,"href":"https:\/\/dralvarez.com.mx\/larevista\/wp-json\/wp\/v2\/posts\/21586\/revisions\/36427"}],"wp:featuredmedia":[{"embeddable":true,"href":"https:\/\/dralvarez.com.mx\/larevista\/wp-json\/wp\/v2\/media\/36428"}],"wp:attachment":[{"href":"https:\/\/dralvarez.com.mx\/larevista\/wp-json\/wp\/v2\/media?parent=21586"}],"wp:term":[{"taxonomy":"category","embeddable":true,"href":"https:\/\/dralvarez.com.mx\/larevista\/wp-json\/wp\/v2\/categories?post=21586"},{"taxonomy":"post_tag","embeddable":true,"href":"https:\/\/dralvarez.com.mx\/larevista\/wp-json\/wp\/v2\/tags?post=21586"}],"curies":[{"name":"wp","href":"https:\/\/api.w.org\/{rel}","templated":true}]}}