{"id":21582,"date":"2022-05-02T00:00:00","date_gmt":"2022-05-02T06:00:00","guid":{"rendered":"https:\/\/dralvarez.com.mx\/larevista\/blog\/ya-fue"},"modified":"2024-02-23T12:41:36","modified_gmt":"2024-02-23T18:41:36","slug":"ya-fue","status":"publish","type":"post","link":"https:\/\/dralvarez.com.mx\/larevista\/opiniones\/ya-fue","title":{"rendered":"Ya fue"},"content":{"rendered":"<p><b>Por: Fernando Belaunzar\u00e1n.<\/b><\/p>\n<\/p>\n<p>No soy de los desenga\u00f1ados, pero hubiera preferido que<br \/>\nme tapara la boca a presenciar la acelerada destrucci\u00f3n institucional,<br \/>\ndescomposici\u00f3n social y degradaci\u00f3n pol\u00edtica que marcar\u00e1n este sexenio. Ten\u00eda<br \/>\ntodas las condiciones para hacer un gran papel y cumplir su anhelo de<br \/>\ntrascender en la historia, pero opt\u00f3 por usar el enorme poder con el que lleg\u00f3<br \/>\na la Presidencia para restablecer un r\u00e9gimen de hegemon\u00eda de facci\u00f3n alrededor<br \/>\nde la \u00e9pica de su persona, contada por \u00e9l mismo, en lugar de enfrentar los graves<br \/>\nproblemas nacionales, concitando el respaldo y la colaboraci\u00f3n de la<br \/>\npluralidad. <\/p>\n<p>Si nunca dej\u00f3 de estar en campa\u00f1a, ya cerr\u00f3 cualquier posibilidad<br \/>\nde hacer otra cosa. De aqu\u00ed en adelante todo ser\u00e1 lucha descarnada por la<br \/>\nsucesi\u00f3n. La exhibici\u00f3n de los rostros de los diputados que votaron contra la<br \/>\nreforma el\u00e9ctrica en las plazas p\u00fablicas, estigmatiz\u00e1ndolos como \u201ctraidores a<br \/>\nla patria\u201d, no dejan espacio para la construcci\u00f3n de acuerdos; al contrario,<br \/>\ndinamitaron los pocos y delgados puentes que todav\u00eda exist\u00edan. <\/p>\n<p>La narrativa electoral del oficialismo ha sido<br \/>\ndelineada y lo que sigue es machacarla, tal y como nos tienen acostumbrados.<br \/>\nDefinir la discrepancia como atentado a los intereses del pa\u00eds es el camino<br \/>\nf\u00e1cil de los reg\u00edmenes autoritarios para perseguir disidentes, pero no est\u00e1<br \/>\nclaro que vayan a dar ese paso aunque la acusaci\u00f3n est\u00e9 tipificada en el c\u00f3digo<br \/>\npenal; por lo pronto, es propaganda para dividir en dos los bandos en disputa,<br \/>\napelando al nacionalismo rampl\u00f3n. <\/p>\n<p>Curioso que el Presidente que acept\u00f3 sin chistar las<br \/>\ncondiciones de Donald Trump para no imponer aranceles ilegales a los productos<br \/>\nmexicanos, colocando a 25 mil militares en labores de polic\u00eda migratoria y<br \/>\nrecibiendo en condiciones deplorables a m\u00e1s de 70 mil solicitantes de asilo al<br \/>\ngobierno de Estados Unidos, establezca su criterio como medida de patriotismo;<br \/>\npero en estos tiempos de posverdad no importa tanto la congruencia o la<br \/>\ncorrespondencia con los hechos como la emotividad y la capacidad de jalar los<br \/>\nhilos de la indignaci\u00f3n y el resentimiento. <\/p>\n<p>Lo m\u00e1s grave de la oportunidad perdida ser\u00e1 el<br \/>\nrecuento de los da\u00f1os que la polarizaci\u00f3n alentada desde el poder incrementar\u00e1.<br \/>\nSi es lamentable haber desaprovechado la creciente rivalidad comercial entre<br \/>\nChina y EU, espantando las inversiones por poner el capricho presidencial por<br \/>\nencima del Estado de derecho, lo es a\u00fan m\u00e1s dejar que la violencia e<br \/>\ninseguridad del crimen dominen amplios territorios por considerar que al<br \/>\nenemigo que se debe combatir desde el poder estatal es la oposici\u00f3n. <\/p>\n<p>El tiempo no se puede regresar y cada vez ser\u00e1 m\u00e1s<br \/>\ndif\u00edcil encarar los imponentes retos que tenemos enfrente, m\u00e1xime cuando el<br \/>\nencono y la divisi\u00f3n amenazan con exacerbarse y perdurar m\u00e1s all\u00e1 de la<br \/>\npresente administraci\u00f3n. La elecci\u00f3n presidencial en 2024 se vislumbra desde<br \/>\nahora como una caldera que sobrecalientan quienes tienen la responsabilidad<br \/>\nconstitucional de garantizar la gobernabilidad. Que el presidente L\u00f3pez Obrador<br \/>\ninsista en descalificar al INE para poner sobre la mesa la amenaza de un<br \/>\ndelirante fraude electoral contra su partido, presagia conflicto de resultados<br \/>\ninciertos. <\/p>\n<p>No se necesita tener una bola de cristal para saber<br \/>\nque el fin de la presente administraci\u00f3n tendr\u00e1 aparejada una crisis econ\u00f3mica<br \/>\ncon instrumentos limitados para enfrentarla, pues los ahorros acumulados en<br \/>\nd\u00e9cadas fueron engullidos en los tres primeros a\u00f1os. La respuesta sensata ser\u00eda<br \/>\nconvocar a la unidad nacional para enfrentar la emergencia, pero como el sue\u00f1o<br \/>\nhegem\u00f3nico reclama victoria total al costo que sea, se apuesta a dirimir la<br \/>\nelecci\u00f3n en una atm\u00f3sfera ideol\u00f3gicamente sobrecargada. <\/p>\n<p>Los logros del sexenio ser\u00e1n un aeropuerto<br \/>\nsubutilizado, en donde los usuarios no quieren ir; una refiner\u00eda que no<br \/>\ncontribuye a la transici\u00f3n energ\u00e9tica y que no bajar\u00e1 el precio de las gasolinas;<br \/>\nun tren sin rentabilidad que da\u00f1ar\u00e1 gravemente reservas naturales y su<br \/>\nbiodiversidad; una militarizaci\u00f3n exponencial que ser\u00e1 muy dif\u00edcil revertir, y<br \/>\nun M\u00e9xico escindido en medio de corrupci\u00f3n, impunidad y empoderamiento del<br \/>\ncrimen. La reconciliaci\u00f3n del pa\u00eds para salir del atolladero ser\u00eda la verdadera<br \/>\nepopeya de un pueblo cuyas esperanzas fueron vilipendiadas.<\/p><\/p>\n","protected":false},"excerpt":{"rendered":"<p>Por: Fernando Belaunzar\u00e1n.<\/p>\n","protected":false},"author":1119,"featured_media":0,"comment_status":"open","ping_status":"open","sticky":false,"template":"","format":"standard","meta":{"tdm_status":"","tdm_grid_status":"","footnotes":""},"categories":[25],"tags":[],"_links":{"self":[{"href":"https:\/\/dralvarez.com.mx\/larevista\/wp-json\/wp\/v2\/posts\/21582"}],"collection":[{"href":"https:\/\/dralvarez.com.mx\/larevista\/wp-json\/wp\/v2\/posts"}],"about":[{"href":"https:\/\/dralvarez.com.mx\/larevista\/wp-json\/wp\/v2\/types\/post"}],"author":[{"embeddable":true,"href":"https:\/\/dralvarez.com.mx\/larevista\/wp-json\/wp\/v2\/users\/1119"}],"replies":[{"embeddable":true,"href":"https:\/\/dralvarez.com.mx\/larevista\/wp-json\/wp\/v2\/comments?post=21582"}],"version-history":[{"count":1,"href":"https:\/\/dralvarez.com.mx\/larevista\/wp-json\/wp\/v2\/posts\/21582\/revisions"}],"predecessor-version":[{"id":36424,"href":"https:\/\/dralvarez.com.mx\/larevista\/wp-json\/wp\/v2\/posts\/21582\/revisions\/36424"}],"wp:attachment":[{"href":"https:\/\/dralvarez.com.mx\/larevista\/wp-json\/wp\/v2\/media?parent=21582"}],"wp:term":[{"taxonomy":"category","embeddable":true,"href":"https:\/\/dralvarez.com.mx\/larevista\/wp-json\/wp\/v2\/categories?post=21582"},{"taxonomy":"post_tag","embeddable":true,"href":"https:\/\/dralvarez.com.mx\/larevista\/wp-json\/wp\/v2\/tags?post=21582"}],"curies":[{"name":"wp","href":"https:\/\/api.w.org\/{rel}","templated":true}]}}