{"id":21578,"date":"2022-05-02T00:00:00","date_gmt":"2022-05-02T06:00:00","guid":{"rendered":"https:\/\/dralvarez.com.mx\/larevista\/blog\/fallido-intento-de-manchar-el-nombre-de-un-hombre-de-empresa-a-carta-cabal"},"modified":"2024-02-23T12:41:27","modified_gmt":"2024-02-23T18:41:27","slug":"fallido-intento-de-manchar-el-nombre-de-un-hombre-de-empresa-a-carta-cabal","status":"publish","type":"post","link":"https:\/\/dralvarez.com.mx\/larevista\/opiniones\/fallido-intento-de-manchar-el-nombre-de-un-hombre-de-empresa-a-carta-cabal","title":{"rendered":"Fallido intento de manchar el nombre  de un hombre de empresa a carta cabal"},"content":{"rendered":"<p><b>Editorial La Revista Peninsular<\/b><\/p>\n<\/p>\n<p>En las \u00faltimas semanas, el Tren Maya ha acaparado la<br \/>\ndiscusi\u00f3n p\u00fablica debido a la inconformidad de varios sectores de la poblaci\u00f3n<br \/>\npor la ausencia de los estudios ambientales correspondientes al tramo 5 de<br \/>\ndicho proyecto. Aunque por un momento pareci\u00f3 estar abierto a dialogar con los<br \/>\ninconformes, el presidente L\u00f3pez Obrador termin\u00f3 por atacarlos y se\u00f1alarlos<br \/>\ncomo opositores de su transformaci\u00f3n. En un cuestionable intento por incluir al<br \/>\nsector empresarial en estos embates, se acus\u00f3 injustamente al empresario<br \/>\nyucateco <b>Jos\u00e9 Chapur Zahoul<\/b>, quien<br \/>\noportunamente desminti\u00f3 las acusaciones y dej\u00f3 en claro su posici\u00f3n a favor del<br \/>\nproyecto presidencial.<\/p>\n<p>Tras la inauguraci\u00f3n del Aeropuerto Internacional<br \/>\nFelipe \u00c1ngeles, el Tren Maya acapar\u00f3 la discusi\u00f3n p\u00fablica debido a la campa\u00f1a<br \/>\norganizada por activistas, comunidades ind\u00edgenas, expertos y artistas para<br \/>\nexigir la suspensi\u00f3n de las obras en el tramo 5. Entre los grupos activistas<br \/>\ninvolucrados, destacan el C\u00edrculo Espeleol\u00f3gico del Mayab y Centinelas del<br \/>\nAgua; mientras que, entre los artistas, figuran Eugenio Derbez, Rub\u00e9n Albarr\u00e1n,<br \/>\nB\u00e1rbara Mori, Natalia Lafourcade, Sa\u00fal Hern\u00e1ndez, Kate del Castillo y Luis<br \/>\nGerardo M\u00e9ndez.<\/p>\n<p>Este colectivo, tambi\u00e9n conocido como \u201cS\u00e9lvame del<br \/>\nTren\u201d, busca que se detengan los trabajos del tramo 5 pues esta ruta que<br \/>\ncomprende el espacio territorial entre Playa del Carmen y Tulum ha sido<br \/>\nmodificada 4 veces y, despu\u00e9s de esta \u00faltima modificaci\u00f3n, se comenzaron a<br \/>\nrealizar obras sin que se presentara la Manifestaci\u00f3n de Impacto Ambiental<br \/>\n(MIA) ni se solicitaran los permisos legales correspondientes.<\/p>\n<p>El presidente Andr\u00e9s Manuel L\u00f3pez Obrador tom\u00f3 estas<br \/>\nmanifestaciones como ataques a su gobierno y emprendi\u00f3 un discurso hostil en<br \/>\ncontra del colectivo, a cuyos miembros tach\u00f3 de \u201cpseudoactivistas\u201d por tener<br \/>\nobjetivos pol\u00edticos y no ecol\u00f3gicos. Durante semanas, ha ocupado varios minutos<br \/>\nde sus conferencias matutinas para atacar a los promotores de \u201cS\u00e9lvame del<br \/>\nTren\u201d, particularmente al actor Eugenio Derbez, quien no se ha quedado callado<br \/>\nante los ataques en su contra.<\/p>\n<p>En un aparente intento por escarmentar a los<br \/>\nempresarios que podr\u00edan comulgar con las causas del colectivo, el presidente<br \/>\nAndr\u00e9s Manuel tambi\u00e9n incluy\u00f3 en sus ataques al sector empresarial y hotelero a<br \/>\nprincipios de semana.<\/p>\n<p>Con una intervenci\u00f3n a todas luces plantada, un<br \/>\nreportero en la \u201cma\u00f1anera\u201d mencion\u00f3 al yucateco <b>Jos\u00e9 Chapur Zahoul<\/b>, <b>director<br \/>\ngeneral de Grupo Palace Resorts<\/b> a quien le levantaron falsos. Despu\u00e9s de<br \/>\nhacer estos se\u00f1alamientos, el reportero le pregunt\u00f3 al presidente cu\u00e1l era su opini\u00f3n<br \/>\nsobre los hoteleros que se opon\u00edan al Tren Maya y \u00e9ste respondi\u00f3 que ellos se<br \/>\ndedicaban a robar cuando hab\u00eda impunidad, pero eso cambiar\u00eda ahora, aunque se<br \/>\nenojaran.<\/p>\n<p>Por su reacci\u00f3n y respuesta, no parece que el<br \/>\npresidente haya estado enterado con anterioridad del ataque en contra de Jos\u00e9<br \/>\nChapur; sin embargo, es probable que \u00e9ste haya sido dispuesto por alguien del<br \/>\nequipo de Palacio Nacional. Sea quien haya sido, cometi\u00f3 un error al se\u00f1alar a<br \/>\nJos\u00e9 Chapur Zahoul.<\/p>\n<p>Poco despu\u00e9s de que se le mencionara en la conferencia<br \/>\nmatutina, don Jos\u00e9 Chapur difundi\u00f3 un audio en el cual hac\u00eda valer su derecho<br \/>\nde r\u00e9plica ante las acusaciones. El empresario yucateco neg\u00f3 que su empresa, en<br \/>\nsus 35 a\u00f1os de existencia, le haya vendido algo al Fonatur ni le haya realizado<br \/>\ntrabajos de construcci\u00f3n. Asimismo, se pronunci\u00f3 a favor del Tren Maya por la<br \/>\ninterconectividad que traer\u00eda a la Pen\u00ednsula e incluso comparti\u00f3 que ha podido<br \/>\ncolaborar con el gobierno en lo relativo a la construcci\u00f3n del tren.<\/p>\n<p>De esta manera, con suma pericia y tacto, el notable<br \/>\nyucateco anul\u00f3 cualquier se\u00f1alamiento en su contra respecto a su presunto<br \/>\nrechazo al proyecto presidencial. Sin embargo, esto no hace menor el ataque del<br \/>\ngobierno, pues con injurias y mentiras ejerci\u00f3 da\u00f1o moral en contra de uno de los<br \/>\nprincipales responsables del \u00e9xito tur\u00edstico que ha tenido Quintana Roo en las<br \/>\n\u00faltimas d\u00e9cadas. Por fortuna, don Jos\u00e9 Chapur cont\u00f3 con las habilidades y<br \/>\nrecursos necesarios para limpiar su nombre, pero este lamentable episodio nos<br \/>\nlleva a pensar cu\u00e1l hubiese sido el desenlace si el ataque hubiese sido en<br \/>\ncontra de un empresario con menores capacidades de respuesta. &nbsp;<\/p>\n<p>Como en toda democracia, es normal que existan<br \/>\nciudadanos que no est\u00e9n de acuerdo con proyectos gubernamentales y, lejos de<br \/>\natacarlos, el gobierno deber\u00eda buscar el di\u00e1logo para convencerlos de sus<br \/>\nbondades e incluso rectificar ante errores. Desafortunadamente, el Ejecutivo ha<br \/>\nmostrado una postura hostil en contra de los inconformes (y no inconformes) y<br \/>\nbusca desacreditar sus quejas imponi\u00e9ndoles la etiqueta de opositores. Como<br \/>\nsociedad, debemos rechazar \u00e9sta narrativa pues propicia que desde Palacio<br \/>\nNacional se se\u00f1ale con mentiras a cualquier ciudadano, especialmente del sector<br \/>\nempresarial, para fomentar la idea de \u201cnosotros contra ellos\u201d.<\/p>\n<p>En esta ocasi\u00f3n fue contra <b>Jos\u00e9 Chapur Zahoul<\/b>, pero, si sigue este discurso presidencial de<br \/>\npolarizaci\u00f3n, m\u00e1s empresarios y sectores ser\u00e1n v\u00edctimas de un da\u00f1o moral<br \/>\nejercido de forma injusta desde Palacio Nacional.<\/p><\/p>\n","protected":false},"excerpt":{"rendered":"<p>Editorial La Revista Peninsular<\/p>\n","protected":false},"author":1111,"featured_media":36421,"comment_status":"open","ping_status":"open","sticky":false,"template":"","format":"standard","meta":{"tdm_status":"","tdm_grid_status":"","footnotes":""},"categories":[25],"tags":[],"_links":{"self":[{"href":"https:\/\/dralvarez.com.mx\/larevista\/wp-json\/wp\/v2\/posts\/21578"}],"collection":[{"href":"https:\/\/dralvarez.com.mx\/larevista\/wp-json\/wp\/v2\/posts"}],"about":[{"href":"https:\/\/dralvarez.com.mx\/larevista\/wp-json\/wp\/v2\/types\/post"}],"author":[{"embeddable":true,"href":"https:\/\/dralvarez.com.mx\/larevista\/wp-json\/wp\/v2\/users\/1111"}],"replies":[{"embeddable":true,"href":"https:\/\/dralvarez.com.mx\/larevista\/wp-json\/wp\/v2\/comments?post=21578"}],"version-history":[{"count":1,"href":"https:\/\/dralvarez.com.mx\/larevista\/wp-json\/wp\/v2\/posts\/21578\/revisions"}],"predecessor-version":[{"id":36420,"href":"https:\/\/dralvarez.com.mx\/larevista\/wp-json\/wp\/v2\/posts\/21578\/revisions\/36420"}],"wp:featuredmedia":[{"embeddable":true,"href":"https:\/\/dralvarez.com.mx\/larevista\/wp-json\/wp\/v2\/media\/36421"}],"wp:attachment":[{"href":"https:\/\/dralvarez.com.mx\/larevista\/wp-json\/wp\/v2\/media?parent=21578"}],"wp:term":[{"taxonomy":"category","embeddable":true,"href":"https:\/\/dralvarez.com.mx\/larevista\/wp-json\/wp\/v2\/categories?post=21578"},{"taxonomy":"post_tag","embeddable":true,"href":"https:\/\/dralvarez.com.mx\/larevista\/wp-json\/wp\/v2\/tags?post=21578"}],"curies":[{"name":"wp","href":"https:\/\/api.w.org\/{rel}","templated":true}]}}