{"id":21564,"date":"2022-05-02T00:00:00","date_gmt":"2022-05-02T06:00:00","guid":{"rendered":"https:\/\/dralvarez.com.mx\/larevista\/blog\/a-presionar"},"modified":"2024-02-23T12:40:30","modified_gmt":"2024-02-23T18:40:30","slug":"a-presionar","status":"publish","type":"post","link":"https:\/\/dralvarez.com.mx\/larevista\/opiniones\/a-presionar","title":{"rendered":"A presionar"},"content":{"rendered":"<p><b><i>Se comenta solo&#8230;<\/i>, por: Carlos Ramos Padilla.*<\/b><\/p>\n<\/p>\n<p>Ante la ausencia, complicidad o negligencia del gobierno federal por atender temas de seguridad y combate al crimen organizado, la Asociaci\u00f3n de Ciudades Capitales de M\u00e9xico presentaron en Monterrey la Declaratoria de \u201cSeguridad P\u00fablica\u201d, considerando un paquete de estrategias y acciones para fortalecer el quehacer desde los tres \u00f3rdenes de gobierno.<\/p>\n<p>Parte de la intenci\u00f3n es compartir experiencias exitosas para fortalecer las condiciones de seguridad p\u00fablica de todos los habitantes de los municipios.<\/p>\n<p>Asistieron 23 presidentes municipales y en el evento destac\u00f3 Luis Donaldo Colosio Riojas, quien asegur\u00f3 que con esta reuni\u00f3n confirman el inter\u00e9s que tienen las comunidades de atender uno de los temas que m\u00e1s demanda la ciudadan\u00eda que es la seguridad y paz p\u00fablica en las capitales.<\/p>\n<p>La inseguridad constituye uno de los grandes problemas nacionales por el incremento de los delitos y el auge del narcotr\u00e1fico que se explica por la incorporaci\u00f3n de M\u00e9xico dentro de la ruta de la coca\u00edna proveniente de Colombia con destino final los Estados Unidos.<\/p>\n<p>La creciente violencia y asesinato de actores pol\u00edticos, periodistas y mujeres han alertado a los titulares de los municipios nacionales.<\/p>\n<p>Dejemos un par de ejemplos, en Puerto Morelos en Quintana Roo los homicidios subieron un 220%, y en L\u00e1zaro C\u00e1rdenas el robo a casa habitaci\u00f3n es de esc\u00e1ndalo, en Benito Ju\u00e1rez el narcotr\u00e1fico y los cr\u00edmenes suben.<\/p>\n<p>El cobro de facturas entre organizaciones criminales y el enfrentamiento con los uniformados han dejado un importante n\u00famero de muertos.<\/p>\n<p>Actualmente las estructuras de seguridad, inteligencia y justicia se encuentran sobrepasadas, debilitadas y corrompidas y por ello es necesario enfrentar el vac\u00edo, a veces intencional, del gobierno federal en la materia.<\/p>\n<p><b>*Conductor del programa VaEnSerio mexiquensetv canal 34.2 izzi 135<\/b><\/p>\n<p><\/p>\n","protected":false},"excerpt":{"rendered":"<p>Se comenta solo&#8230;<\/p>\n","protected":false},"author":1168,"featured_media":36407,"comment_status":"open","ping_status":"open","sticky":false,"template":"","format":"standard","meta":{"tdm_status":"","tdm_grid_status":"","footnotes":""},"categories":[25],"tags":[],"_links":{"self":[{"href":"https:\/\/dralvarez.com.mx\/larevista\/wp-json\/wp\/v2\/posts\/21564"}],"collection":[{"href":"https:\/\/dralvarez.com.mx\/larevista\/wp-json\/wp\/v2\/posts"}],"about":[{"href":"https:\/\/dralvarez.com.mx\/larevista\/wp-json\/wp\/v2\/types\/post"}],"author":[{"embeddable":true,"href":"https:\/\/dralvarez.com.mx\/larevista\/wp-json\/wp\/v2\/users\/1168"}],"replies":[{"embeddable":true,"href":"https:\/\/dralvarez.com.mx\/larevista\/wp-json\/wp\/v2\/comments?post=21564"}],"version-history":[{"count":1,"href":"https:\/\/dralvarez.com.mx\/larevista\/wp-json\/wp\/v2\/posts\/21564\/revisions"}],"predecessor-version":[{"id":36406,"href":"https:\/\/dralvarez.com.mx\/larevista\/wp-json\/wp\/v2\/posts\/21564\/revisions\/36406"}],"wp:featuredmedia":[{"embeddable":true,"href":"https:\/\/dralvarez.com.mx\/larevista\/wp-json\/wp\/v2\/media\/36407"}],"wp:attachment":[{"href":"https:\/\/dralvarez.com.mx\/larevista\/wp-json\/wp\/v2\/media?parent=21564"}],"wp:term":[{"taxonomy":"category","embeddable":true,"href":"https:\/\/dralvarez.com.mx\/larevista\/wp-json\/wp\/v2\/categories?post=21564"},{"taxonomy":"post_tag","embeddable":true,"href":"https:\/\/dralvarez.com.mx\/larevista\/wp-json\/wp\/v2\/tags?post=21564"}],"curies":[{"name":"wp","href":"https:\/\/api.w.org\/{rel}","templated":true}]}}