{"id":21540,"date":"2022-04-30T00:00:00","date_gmt":"2022-04-30T06:00:00","guid":{"rendered":"https:\/\/dralvarez.com.mx\/larevista\/blog\/salon-tesoreria-el-autentico-centro-del-poder"},"modified":"2024-02-23T12:39:25","modified_gmt":"2024-02-23T18:39:25","slug":"salon-tesoreria-el-autentico-centro-del-poder","status":"publish","type":"post","link":"https:\/\/dralvarez.com.mx\/larevista\/opiniones\/salon-tesoreria-el-autentico-centro-del-poder","title":{"rendered":"Sal\u00f3n Tesorer\u00eda, \u201cel aut\u00e9ntico centro del poder\u201d"},"content":{"rendered":"<p><b>Por: Marco Antonio Cortez.<\/b><\/p>\n<p>En la reciente reuni\u00f3n del presidente L\u00f3pez Obrador con los legisladores de su partido y de otros asociados, se aplaudi\u00f3 y vitore\u00f3 al secretario de Gobernaci\u00f3n, Ad\u00e1n A. L\u00f3pez Hern\u00e1ndez, cuando el jefe del ejecutivo federal pregunt\u00f3, respondi\u00e9ndose al mismo tiempo: &#8220;\u00bfVerdad que el Secretario de Gobernaci\u00f3n est\u00e1 haciendo bien su trabajo?&#8230;obviamente, la ovaci\u00f3n fue inmediata, los diputados se pusieron de pie y aclamaron al funcionario, ex-gobernador tabasque\u00f1o.<\/p>\n<p>Los diputados, los mismos que votaron a favor de la Reforma El\u00e9ctrica pero que no les alcanz\u00f3 para lograr la mayor\u00eda calificada y aprobar la iniciativa presidencial fueron citados al Sal\u00f3n Tesorer\u00eda, donde L\u00f3pez Obrador realiza de lunes a viernes conferencia ma\u00f1anera donde desfilan funcionarios de sus gabinetes legal y ampliado, adem\u00e1s de reunirse y hasta cenar con empresarios nacionales y extranjeros, entre otros eventos m\u00e1s. <\/p>\n<p>\u00bfEl aplaus\u00f3metro al secretario de gobernaci\u00f3n tuvo mensaje?&#8230;\u00bfHabr\u00e1 llegado a los o\u00eddos de Claudia Sheinbaum y de Marcelo Ebrard?. \u00a1Fue un destape!, dijeron muchos analistas pol\u00edticos, o tal vez otra estrategia m\u00e1s del mandatario para subestimar o minimizar el rechazo a la iniciativa \u201cBartlett\u201d y desde luego ensalzar &#8220;la nacionalizaci\u00f3n del Litio&#8221;, como producto propiedad \u00fanica de los mexicanos, es decir, nadie m\u00e1s podr\u00e1 explotarlo  y utilizarlo.<\/p>\n<p>Habr\u00e1 que ver c\u00f3mo beneficiar\u00e1 este mineral la econom\u00eda de millones de obreros, campesinos, bur\u00f3cratas y vendedores ambulantes, entre otros muchos sectores<\/p>\n<p>El presidente quien durante toda su gesti\u00f3n ha utilizado el estrado del sal\u00f3n tesorer\u00eda de palacio nacional para dictar agenda, sirve tambi\u00e9n para reconocimientos, destapes (corcholatas, seg\u00fan el propio AMLO) y tambi\u00e9n para rechazos, se\u00f1alamientos, cr\u00edticas en ocasiones mordaces. <\/p>\n<p>Con una ret\u00f3rica bien pulida, aplicada y ejercida desde su gesti\u00f3n al frente del gobierno de la Ciudad de M\u00e9xico, el ahora presidente &#8220;de los m\u00e1s desvalidos, pobres y marginados&#8221; vende con inteligencia (debo admitir) todas y cada una de sus palabras y conceptos, logrando,  qui\u00e9rase o no, sus proyectos, planes y objetivos y uno de ellos,  en lo especial, dividir a la sociedad mexicana, entre dem\u00f3cratas y conservadores, buenos y malos, ricos y pobres, clasistas,  racistas, y  m\u00e1s aun, patriotas y traidores. Todo por pensar distinto. <\/p>\n<p>&#8220;Divide y vencer\u00e1s&#8221;, dice una m\u00e1xima aplicada de manera sistem\u00e1tica y replicada a la perfecci\u00f3n por todos y cada uno de los funcionarios integrantes de su gabinete. El tiempo y la gesti\u00f3n de L\u00f3pez Obrador sigue, ahora, va por el INE, por su demolici\u00f3n y por las cabezas de los consejeros y de nueva cuenta ser\u00e1 el pueblo bueno y sabio el que determine qui\u00e9n o qui\u00e9nes estar\u00e1n en la nueva estructura ya dise\u00f1ada para que sea el mism\u00edsimo presidente quien diga c\u00f3mo, cu\u00e1ndo y d\u00f3nde habr\u00e1 o no hay o \u201cconsultas p\u00fablicas\u201d para que el pueblo decida.<\/p>\n<p>Am\u00e9n de su fallida Reforma El\u00e9ctrica y que alista bater\u00edas para ir por el INE, el presidente inaugur\u00f3 ya una de sus tres magnas obras, s\u00edmbolos de su administraci\u00f3n, el aeropuerto Felipe \u00c1ngeles del cual ya dijo que \u201ccomo obra nueva tardar\u00e1 alg\u00fan tiempo en levantar, en atraer l\u00edneas a\u00e9reas\u201d e insistiendo que es una de los m\u00e1s modernos y equipados del mundo. <\/p>\n<p>Por cierto, su empresario de cabecera, el hombre m\u00e1s rico de M\u00e9xico y uno de los m\u00e1s ricos del mundo \u201cya saben qui\u00e9n\u201d, ser\u00e1 el encargado de dotarlo con las tecnolog\u00edas de reciente generaci\u00f3n.<\/p>\n<p>Luego est\u00e1 la refiner\u00eda de Dos Bocas y el pol\u00e9mico Tren Maya, proyecto que cada d\u00eda que pasa enfrenta m\u00e1s problemas de oposici\u00f3n por parte de ambientalistas, expertos, intelectuales, artistas y muchos m\u00e1s, as\u00ed como ajustes y reajustes del por d\u00f3nde pasar\u00e1n finalmente las v\u00edas del ferrocarril cuyos vagones se fabrican en Francia.  <\/p>\n<p>Pero m\u00e1s all\u00e1 de estos temas la administraci\u00f3n de AMLO atraviesa por una crisis de seguridad, esto es vox populi, aunque se pretenda tapar el Sol con 10 dedos, ya son m\u00e1s de 100 mil las personas muertas y desaparecidas en lo que va de su gesti\u00f3n, fen\u00f3meno que impacta incluso a los propios periodistas de los medios de comunicaci\u00f3n y que a muchos de los cuales el mismo jefe de estado exhibe y critica un d\u00eda s\u00ed y otro tambi\u00e9n.<\/p>\n<p>Am\u00e9n de estos temas,  la inflaci\u00f3n es otro problema latente, aunque debemos reconocer no es exclusiva de M\u00e9xico sino de gran parte del mundo y que en parte es producto de la guerra entre Ucrania y Rusia, situaci\u00f3n que involucra a Europa, EEUU e incluso Asia. \u00bfC\u00f3mo? Sencillo: de nueva cuenta los hidrocarburos, gas, petr\u00f3leo, etc.<\/p>\n<p>Y de este conflicto, M\u00e9xico, junto con Venezuela y Cuba, entre otros, en Latinoam\u00e9rica han logrado evadir una postura concreta en contra de la pol\u00edtica basada por lo que llamar\u00eda el s\u00edmbolo de la oposici\u00f3n contra el mundo occidental, Rusia y Vladimir Putin.<\/p>\n","protected":false},"excerpt":{"rendered":"<p>Por: Marco Antonio Cortez.<\/p>\n","protected":false},"author":1124,"featured_media":36385,"comment_status":"open","ping_status":"open","sticky":false,"template":"","format":"standard","meta":{"tdm_status":"","tdm_grid_status":"","footnotes":""},"categories":[25],"tags":[],"_links":{"self":[{"href":"https:\/\/dralvarez.com.mx\/larevista\/wp-json\/wp\/v2\/posts\/21540"}],"collection":[{"href":"https:\/\/dralvarez.com.mx\/larevista\/wp-json\/wp\/v2\/posts"}],"about":[{"href":"https:\/\/dralvarez.com.mx\/larevista\/wp-json\/wp\/v2\/types\/post"}],"author":[{"embeddable":true,"href":"https:\/\/dralvarez.com.mx\/larevista\/wp-json\/wp\/v2\/users\/1124"}],"replies":[{"embeddable":true,"href":"https:\/\/dralvarez.com.mx\/larevista\/wp-json\/wp\/v2\/comments?post=21540"}],"version-history":[{"count":1,"href":"https:\/\/dralvarez.com.mx\/larevista\/wp-json\/wp\/v2\/posts\/21540\/revisions"}],"predecessor-version":[{"id":36384,"href":"https:\/\/dralvarez.com.mx\/larevista\/wp-json\/wp\/v2\/posts\/21540\/revisions\/36384"}],"wp:featuredmedia":[{"embeddable":true,"href":"https:\/\/dralvarez.com.mx\/larevista\/wp-json\/wp\/v2\/media\/36385"}],"wp:attachment":[{"href":"https:\/\/dralvarez.com.mx\/larevista\/wp-json\/wp\/v2\/media?parent=21540"}],"wp:term":[{"taxonomy":"category","embeddable":true,"href":"https:\/\/dralvarez.com.mx\/larevista\/wp-json\/wp\/v2\/categories?post=21540"},{"taxonomy":"post_tag","embeddable":true,"href":"https:\/\/dralvarez.com.mx\/larevista\/wp-json\/wp\/v2\/tags?post=21540"}],"curies":[{"name":"wp","href":"https:\/\/api.w.org\/{rel}","templated":true}]}}