{"id":21534,"date":"2022-04-25T00:00:00","date_gmt":"2022-04-25T06:00:00","guid":{"rendered":"https:\/\/dralvarez.com.mx\/larevista\/blog\/era-san-marcos-y"},"modified":"2024-02-23T12:39:02","modified_gmt":"2024-02-23T18:39:02","slug":"era-san-marcos-y","status":"publish","type":"post","link":"https:\/\/dralvarez.com.mx\/larevista\/opiniones\/era-san-marcos-y","title":{"rendered":"Era san Marcos y\u2026"},"content":{"rendered":"<p><b>Por: Cristina Pad\u00edn.<\/b><\/p>\n<p>Era san Marcos y\u2026 hab\u00eda un lugar precioso que estaba en Extremadura y hab\u00eda llegado el d\u00eda de la romer\u00eda. Qu\u00e9 belleza! Ir a la fiesta con las carretas, comer en el campo, bailar temas flamencos. Llevar la tradici\u00f3n desde el bisabuelo hasta el nieto, como dec\u00eda siempre la abuela Amelia. De verdad, disfrazarse de romero era como la mentira, pata corta y escaso recorrido.<\/p>\n<p>Era san Marcos y.. coincid\u00eda con uno de los lunes m\u00e1s especiales en Salamanca. Pablo estudiaba en la universidad all\u00ed, era castellano y valiente y acababa de iniciar sus estudios de Econom\u00eda. Regresaba al bullicio, a la ciudad y sus sonidos (y sus perros, tambi\u00e9n), al hornazo en el r\u00edo, al \u00faltimo trimestre. Luc\u00eda el sol y abril sab\u00eda a sue\u00f1os de verano.<\/p>\n<p>Era san Marcos y\u2026 Ana desde Galicia enviaba un regalo a su amiga Lourdes en Andaluc\u00eda. Santiago y Sevilla unidas por el puente de la amistad real. A Ana le gustaba Bon Jovi, a Lourdes el toreo de Pablo Aguado, a las dos leer. Una amistad pura. En verdad la bondad de tierras gallegas y el alma de zonas andaluzas maridan muy bien. <br \/>Era 25 de abril.. qu\u00e9 bonito!<\/p>\n<p>Era san Marcos\u2026 y Marta escrib\u00eda un relato para la ocasi\u00f3n. Hac\u00eda varias pruebas..<\/p>\n<p>Siempre me ha encantado este d\u00eda<br \/>A abril, mi a\u00f1o ideal tendr\u00eda nueve abriles<br \/>A mi amiga Ana: la amistad real<br \/>A Pablo<br \/>A Marta y Lourdes<br \/>A Andaluc\u00eda, Extremadura, Castilla y Galicia, me gusta esa ruta: V\u00eda de la Plata, en ella transcurre mi nueva novela<br \/>A mi abuela Amelia, en este cuento es extreme\u00f1a, ella fue de Bri\u00f3n. Es perfecta<br \/>A mi amigo Boni<br \/>A mi querido Luis<br \/>A los valientes<br \/>A Pablo Aguado<br \/>A Bon Jovi<br \/>Y a la verdad<\/p>\n","protected":false},"excerpt":{"rendered":"<p>Por: Cristina Pad\u00edn.<\/p>\n","protected":false},"author":1025,"featured_media":36380,"comment_status":"open","ping_status":"open","sticky":false,"template":"","format":"standard","meta":{"tdm_status":"","tdm_grid_status":"","footnotes":""},"categories":[25],"tags":[],"_links":{"self":[{"href":"https:\/\/dralvarez.com.mx\/larevista\/wp-json\/wp\/v2\/posts\/21534"}],"collection":[{"href":"https:\/\/dralvarez.com.mx\/larevista\/wp-json\/wp\/v2\/posts"}],"about":[{"href":"https:\/\/dralvarez.com.mx\/larevista\/wp-json\/wp\/v2\/types\/post"}],"author":[{"embeddable":true,"href":"https:\/\/dralvarez.com.mx\/larevista\/wp-json\/wp\/v2\/users\/1025"}],"replies":[{"embeddable":true,"href":"https:\/\/dralvarez.com.mx\/larevista\/wp-json\/wp\/v2\/comments?post=21534"}],"version-history":[{"count":1,"href":"https:\/\/dralvarez.com.mx\/larevista\/wp-json\/wp\/v2\/posts\/21534\/revisions"}],"predecessor-version":[{"id":36379,"href":"https:\/\/dralvarez.com.mx\/larevista\/wp-json\/wp\/v2\/posts\/21534\/revisions\/36379"}],"wp:featuredmedia":[{"embeddable":true,"href":"https:\/\/dralvarez.com.mx\/larevista\/wp-json\/wp\/v2\/media\/36380"}],"wp:attachment":[{"href":"https:\/\/dralvarez.com.mx\/larevista\/wp-json\/wp\/v2\/media?parent=21534"}],"wp:term":[{"taxonomy":"category","embeddable":true,"href":"https:\/\/dralvarez.com.mx\/larevista\/wp-json\/wp\/v2\/categories?post=21534"},{"taxonomy":"post_tag","embeddable":true,"href":"https:\/\/dralvarez.com.mx\/larevista\/wp-json\/wp\/v2\/tags?post=21534"}],"curies":[{"name":"wp","href":"https:\/\/api.w.org\/{rel}","templated":true}]}}