{"id":21530,"date":"2022-04-25T00:00:00","date_gmt":"2022-04-25T06:00:00","guid":{"rendered":"https:\/\/dralvarez.com.mx\/larevista\/blog\/nunca-dejaremos-de-aprender"},"modified":"2024-02-23T12:38:56","modified_gmt":"2024-02-23T18:38:56","slug":"nunca-dejaremos-de-aprender","status":"publish","type":"post","link":"https:\/\/dralvarez.com.mx\/larevista\/opiniones\/nunca-dejaremos-de-aprender","title":{"rendered":"Nunca dejaremos de aprender"},"content":{"rendered":"<p><b>Por: Marco Antonio Cortez Navarrete.<\/b><\/p>\n<p>El estar incapacitado -de manera temporal, claro est\u00e1-, tiene sus desventajas pero creo tambi\u00e9n tiene sus ventajas, y muchas m\u00e1s tal vez si siguiera caminando o corriendo, no s\u00e9.<\/p>\n<p>Me fractur\u00e9 el tobillo de mi pie derecho, ya va un mes y dos semanas desde la cirug\u00eda, con una buena atenci\u00f3n m\u00e9dica y recuperaci\u00f3n apropiada. <\/p>\n<p>Cierto es que de manera temporal no tengo la misma movilidad, es m\u00e1s, requer\u00ed de mayor reposo como parte de la recuperaci\u00f3n, pero \u00bfde qu\u00e9 me ha servido esta situaci\u00f3n en mi vida?.<\/p>\n<p>&#8220;\u00bfC\u00f3mo te pas\u00f3?&#8221; &#8220;\u00bfpor qu\u00e9 te paso?&#8221;, son las preguntas m\u00e1s frecuentes que me formulan mis amigos y mis conocidos. La respuesta es muy sencilla: me pas\u00f3 porque me ten\u00eda qu\u00e9 pasar, porque as\u00ed es el destino, porque cuando te ocurre algo, positivo o negativo, es porque te tiene que ocurrir. Nada ni nadie puede ver el futuro, ni siquiera el inmediato, ese mismo que abarca los pr\u00f3ximos 10 segundos de tu vida.<\/p>\n<p>Gracias a Dios, mi cerebro y los dedos de mis dos manos siguen trabajando como siempre, es m\u00e1s, ahora mucho m\u00e1s que antes. <\/p>\n<p>Esto me da la oportunidad de reflexionar con mucho m\u00e1s detenimiento mi pasado, mi presente y pensar en el futuro, consciente que `pensar en el ma\u00f1ana\u00b4 es solo eso, pensar, cuando abra los ojos ma\u00f1ana entonces podr\u00e9, tal vez, concretar lo que piense hoy. <\/p>\n<p>En este lapso veo con agrado que la pandemia de Covid-19 parece ser, gradualmente, que ya va formando parte de la historia, una historia cruel y dif\u00edcil para miles de familias pero que finalmente deber\u00e1 recordarse como uno de los cap\u00edtulos m\u00e1s oscuros de este siglo que apenas tiene dos de sus 10 d\u00e9cadas programadas. <\/p>\n<p>No obstante, dir\u00eda que a\u00fan debemos mantener ciertas normas en esta etapa poscovid para evitar m\u00e1s que nada un nuevo rebrote, aunque la naturaleza juegue con la mutaci\u00f3n de este organismo que lleg\u00f3 para integrarse a nuestra vida cotidiana.<\/p>\n<p>PD. Todas, absolutamente todas las personas que por alg\u00fan motivo se han cruzado por nuestra vida tienen una raz\u00f3n de ser. Nada es casual, y por lo tanto, debemos estar agradecidos de que esto haya sucedido o suceda, no importa si nos quieren, aprecian o todo lo contrario, si la naturaleza nos las puso enfrente es porque hubo un prop\u00f3sito, un fin, una lecci\u00f3n. <\/p>\n<p>Nunca dejaremos de aprender.<\/p>\n<p>Hasta la pr\u00f3xima.<\/p>\n","protected":false},"excerpt":{"rendered":"<p>Por: Marco Antonio Cortez Navarrete.<\/p>\n","protected":false},"author":1124,"featured_media":0,"comment_status":"open","ping_status":"open","sticky":false,"template":"","format":"standard","meta":{"tdm_status":"","tdm_grid_status":"","footnotes":""},"categories":[25],"tags":[],"_links":{"self":[{"href":"https:\/\/dralvarez.com.mx\/larevista\/wp-json\/wp\/v2\/posts\/21530"}],"collection":[{"href":"https:\/\/dralvarez.com.mx\/larevista\/wp-json\/wp\/v2\/posts"}],"about":[{"href":"https:\/\/dralvarez.com.mx\/larevista\/wp-json\/wp\/v2\/types\/post"}],"author":[{"embeddable":true,"href":"https:\/\/dralvarez.com.mx\/larevista\/wp-json\/wp\/v2\/users\/1124"}],"replies":[{"embeddable":true,"href":"https:\/\/dralvarez.com.mx\/larevista\/wp-json\/wp\/v2\/comments?post=21530"}],"version-history":[{"count":1,"href":"https:\/\/dralvarez.com.mx\/larevista\/wp-json\/wp\/v2\/posts\/21530\/revisions"}],"predecessor-version":[{"id":36376,"href":"https:\/\/dralvarez.com.mx\/larevista\/wp-json\/wp\/v2\/posts\/21530\/revisions\/36376"}],"wp:attachment":[{"href":"https:\/\/dralvarez.com.mx\/larevista\/wp-json\/wp\/v2\/media?parent=21530"}],"wp:term":[{"taxonomy":"category","embeddable":true,"href":"https:\/\/dralvarez.com.mx\/larevista\/wp-json\/wp\/v2\/categories?post=21530"},{"taxonomy":"post_tag","embeddable":true,"href":"https:\/\/dralvarez.com.mx\/larevista\/wp-json\/wp\/v2\/tags?post=21530"}],"curies":[{"name":"wp","href":"https:\/\/api.w.org\/{rel}","templated":true}]}}