{"id":21518,"date":"2022-04-25T00:00:00","date_gmt":"2022-04-25T06:00:00","guid":{"rendered":"https:\/\/dralvarez.com.mx\/larevista\/blog\/robo-a-la-nacion-2"},"modified":"2024-02-23T12:38:36","modified_gmt":"2024-02-23T18:38:36","slug":"robo-a-la-nacion-2","status":"publish","type":"post","link":"https:\/\/dralvarez.com.mx\/larevista\/opiniones\/robo-a-la-nacion-2","title":{"rendered":"Robo a la naci\u00f3n"},"content":{"rendered":"<p><b><i>Se comenta solo&#8230;<\/i>, por: Carlos Ramos Padilla.*<\/b><\/p>\n<p><b>Correo: car260857@hotmail.com<\/b><br \/><b>@cramospadilla<\/b><\/p>\n<\/p>\n<p>La deforestaci\u00f3n con motivo del Tren Maya merece la<br \/>\nintervenci\u00f3n ser\u00eda de investigadores. El tono de la informaci\u00f3n debe subir a<br \/>\nniveles incluso internacionales. No se trata \u00fanicamente de romper el equilibrio<br \/>\necol\u00f3gico sino adem\u00e1s identificar el tr\u00e1fico con maderas preciosas de la selva,<br \/>\nhablamos de ceiba, nogal, cedro, caoba y roble.<\/p>\n<p>Cada \u00e1rbol talado y traficado ilegalmente tiene un<br \/>\nvalor estimado de $5000 d\u00f3lares. Se estima que cada hect\u00e1rea puede sumar hasta<br \/>\n5 mil \u00e1rboles. Hasta el momento se calculan que han sido deforestadas m\u00e1s de<br \/>\n127 mil hect\u00e1reas. El saque\u00f3 masivo de la selva Maya violenta incluso terrenos<br \/>\narqueol\u00f3gicos que han maravillado al mundo por las construcciones que en su<br \/>\ngran mayor\u00eda no han sido rescatadas, investigadas y expuestas.<\/p>\n<p>Aqu\u00ed tambi\u00e9n el saqueo y tr\u00e1fico de piezas<br \/>\narqueol\u00f3gicas debe preocupar. AMLO anda pidiendo el penacho de Moctezuma cuando<br \/>\nel proyecto del tren tur\u00edstico est\u00e1 permitiendo la devastaci\u00f3n cultural. Hay<br \/>\nim\u00e1genes satelitales que demuestran la cantidad de zonas urbanas mayas ocultas<br \/>\npor la selva que muestran su grandeza.<\/p>\n<p>Eso se est\u00e1 destruyendo. El presidente no se ha<br \/>\nresponsabilizado de informar a la naci\u00f3n en d\u00f3nde se han \u201creplantado\u201d los miles<br \/>\nde \u00e1rboles. \u00c9l se comprometi\u00f3 irresponsablemente a que \u201cni un solo \u00e1rbol\u201d ser\u00eda<br \/>\ntalado. Hoy habla, \u00fanicamente habla, de su reubicaci\u00f3n.<\/p>\n<p>Esa ser\u00eda una tarea tit\u00e1nica, costos\u00edsima y<br \/>\nevidentemente visible. Una selva no se puede trasladar a otro sitio sin que<br \/>\nnadie se percate o queden evidencias. Repito, son \u00e1rboles milenarios de una<br \/>\ngran riqueza en valor comercial y algunos se est\u00e1n beneficiando y sobre todo<br \/>\ncon zonas lim\u00edtrofes sin vigilancia y aduanas manchadas por la corrupci\u00f3n.<\/p>\n<p>El Partido Verde Ecologista es una verg\u00fcenza por auto<br \/>\ncolocarse como mercenario de la pol\u00edtica y no cumplir con sus or\u00edgenes y<br \/>\nprop\u00f3sitos. Los gobiernos estatales no han denunciado los il\u00edcitos, pero si los<br \/>\ncient\u00edficos mexicanos que por ello han sido perseguidos penalmente.<\/p>\n<p>Las afectaciones ser\u00e1n irreversibles en los mantos<br \/>\nfre\u00e1ticos o llamadas tablas de agua, la biodiversidad se est\u00e1 modificando,<br \/>\nanimales en peligro de extinci\u00f3n y no se quiere entender que el suelo de la Pen\u00ednsula<br \/>\nes poroso y por tanto sensible a hundimientos, fracturas en el subsuelo o<br \/>\ninundaciones.<\/p>\n<p>Los estudios de impacto ambiental en realidad no<br \/>\nexisten y los trabajos se aceleran para cumplir con un calendario pol\u00edtico del<br \/>\ngobierno. Quienes conocemos la zona nos duele lo que ah\u00ed ocurre. No estamos en<br \/>\ncontra del avance, de la modernizaci\u00f3n y de la inversi\u00f3n, pero no de este modo,<br \/>\nni con enga\u00f1os, estafas, mentiras y un gasto innecesario en un pa\u00eds que suma<br \/>\ntres a\u00f1os en crisis econ\u00f3mica, sanitaria y pol\u00edtica.<\/p>\n<p>Que se investigue tambi\u00e9n qui\u00e9nes est\u00e1n comprando terrenos<br \/>\npor donde pasar\u00e1 el Tren Maya para especular con la tierra que a todos nos<br \/>\npertenece como patrimonio. De saberlo nos sorprender\u00edan los nombres y apellidos<br \/>\nde quienes se cubren con la bandera de la moral p\u00fablica.<\/p><\/p>\n","protected":false},"excerpt":{"rendered":"<p>Se comenta solo&#8230;<\/p>\n","protected":false},"author":1168,"featured_media":36367,"comment_status":"open","ping_status":"open","sticky":false,"template":"","format":"standard","meta":{"tdm_status":"","tdm_grid_status":"","footnotes":""},"categories":[25],"tags":[],"_links":{"self":[{"href":"https:\/\/dralvarez.com.mx\/larevista\/wp-json\/wp\/v2\/posts\/21518"}],"collection":[{"href":"https:\/\/dralvarez.com.mx\/larevista\/wp-json\/wp\/v2\/posts"}],"about":[{"href":"https:\/\/dralvarez.com.mx\/larevista\/wp-json\/wp\/v2\/types\/post"}],"author":[{"embeddable":true,"href":"https:\/\/dralvarez.com.mx\/larevista\/wp-json\/wp\/v2\/users\/1168"}],"replies":[{"embeddable":true,"href":"https:\/\/dralvarez.com.mx\/larevista\/wp-json\/wp\/v2\/comments?post=21518"}],"version-history":[{"count":1,"href":"https:\/\/dralvarez.com.mx\/larevista\/wp-json\/wp\/v2\/posts\/21518\/revisions"}],"predecessor-version":[{"id":36366,"href":"https:\/\/dralvarez.com.mx\/larevista\/wp-json\/wp\/v2\/posts\/21518\/revisions\/36366"}],"wp:featuredmedia":[{"embeddable":true,"href":"https:\/\/dralvarez.com.mx\/larevista\/wp-json\/wp\/v2\/media\/36367"}],"wp:attachment":[{"href":"https:\/\/dralvarez.com.mx\/larevista\/wp-json\/wp\/v2\/media?parent=21518"}],"wp:term":[{"taxonomy":"category","embeddable":true,"href":"https:\/\/dralvarez.com.mx\/larevista\/wp-json\/wp\/v2\/categories?post=21518"},{"taxonomy":"post_tag","embeddable":true,"href":"https:\/\/dralvarez.com.mx\/larevista\/wp-json\/wp\/v2\/tags?post=21518"}],"curies":[{"name":"wp","href":"https:\/\/api.w.org\/{rel}","templated":true}]}}