{"id":21512,"date":"2022-04-25T00:00:00","date_gmt":"2022-04-25T06:00:00","guid":{"rendered":"https:\/\/dralvarez.com.mx\/larevista\/blog\/litio-de-consolacion-2"},"modified":"2024-02-23T12:38:25","modified_gmt":"2024-02-23T18:38:25","slug":"litio-de-consolacion-2","status":"publish","type":"post","link":"https:\/\/dralvarez.com.mx\/larevista\/opiniones\/litio-de-consolacion-2","title":{"rendered":"Litio de Consolaci\u00f3n"},"content":{"rendered":"<\/p>\n<p><b>Por: Jorge Valladares S\u00e1nchez.*<\/b><\/p>\n<p><b>En Facebook y en Youtube: Dr. Jorge Valladares. <\/b><\/p>\n<p><b><\/b><\/p>\n<blockquote><p><b>Litio de Consolaci\u00f3n<\/b><br \/><i>No quiero Oro, ni quiero Plata&#8230;<\/i><\/p><\/blockquote>\n<p>\u201cNo quiero oro, ni quiero plata, yo lo que quiero es romper la pi\u00f1ata\u201d. Supongo que lo hemos cantado cientos de veces, y es hasta hoy que se me ocurre preguntarme \u00bfqu\u00e9 tiene que ver? La respuesta obvia es que como ni\u00f1o, pues s\u00ed, el contenido de la pi\u00f1ata o lo que alcance a pescar cuando caiga ser\u00eda suficientemente valioso para m\u00ed, como para preferirlo al oro o la plata. Ya de grande\u2026 como que no. Como que s\u00ed prefiero oro, o al menos plata, o ahora s\u00e9 que al menos litio.<\/p>\n<p>Y no, no es que sea un experto en litio y su explotaci\u00f3n, estaba enterado de lo muy b\u00e1sico de sus propiedades, beneficios o valor. Pero en ese, como en otros temas, la pol\u00edtica actual nos hace convertirnos en entendidos por un par de d\u00edas, ya que los temas que s\u00ed nos importan como ciudadan\u00eda son poco mencionados, menos a\u00fan deliberados, y ni remotamente resueltos por nuestros pol\u00edticos perennes.<\/p>\n<div><\/div>\n<p>Sab\u00eda que algo tiene que ver con las bater\u00edas, y hasta all\u00ed, por la parte pr\u00e1ctica cotidiana, y eso porque hace tiempo surgi\u00f3 el rollo del relevo de las pilas de n\u00edquel por las que se indicaba son de litio y entiendo que eso tendr\u00e1 una aplicaci\u00f3n cada vez mayor para el uso de autos el\u00e9ctricos.<\/p>\n<p>De donde s\u00ed tengo m\u00e1s noticia es de una de mis canchas profesionales, la salud mental, pues una sal de esta misma sustancia se indica para la profilaxis y el tratamiento de los trastornos bipolares y la depresi\u00f3n mayor recurrente. No me toca prescribirla, pero s\u00ed saber que su efecto es sobre los episodios de man\u00eda (\u00e1nimo fren\u00e9tico, anormalmente emocionado), haciendo una especie de compensaci\u00f3n que produce estabilidad ante las alteraciones en el cerebro.<\/p>\n<p>Y entonces procedo a revisar si esta vez el litio s\u00ed cumpli\u00f3 su funci\u00f3n ante la alta excitaci\u00f3n en la pol\u00edtica nacional en este par de semanas. La secuencia de informaci\u00f3n indica que hubo un periodo fren\u00e9tico de conmoci\u00f3n ante el tema de la revocaci\u00f3n de mandato, que termin\u00f3 con una votaci\u00f3n muy inferior a la deseada por la gente en el gobierno y mayor a la pronosticada por la gente que se considera oposici\u00f3n. El llamar los primeros a los segundos traidores a la patria y los segundos a los primeros perdedores, no apago los \u00e1nimos. La ciudadan\u00eda, en m\u00e1s del 80%, simplemente decidi\u00f3 que no era un ejercicio de su inter\u00e9s.<\/p>\n<div><\/div>\n<p>Una semana despu\u00e9s el tema cambi\u00f3, aparentemente, por completo. Con el foco distractor en la energ\u00eda el\u00e9ctrica, la agitaci\u00f3n se traslad\u00f3 a la C\u00e1mara de Diputados, usando como medio un intento de reforma constitucional en esa materia. Es un tema que s\u00ed creo importante; pero ambas posturas dec\u00edan que si triunfaban bajar\u00eda el costo (\u00a1bien!) y que se actuaba en protecci\u00f3n de nuestro planeta (\u00a1wow!), as\u00ed que no creo que realmente el tema fuera ese en el fondo.<\/p>\n<p>Posponiendo fechas, amenazando o pronosticando (seg\u00fan el bando) movilizaciones que impidieran el acceso de diputados, invitando (ambos bandos) a servir a la ciudadan\u00eda no votando de manera predecible y con una asistencia final poco usual, pero una argumentaci\u00f3n deplorable muy acostumbrada, la tensi\u00f3n se resolvi\u00f3 como se esperaba, con s\u00f3lo 3 excepciones y 2 ausencias, todos votaron por lo indicado por sus bancadas, y sin considerar lo que sus representados\/as pudieran opinar.<\/p>\n<p>Dos ocasiones en las que ocurri\u00f3 lo anunciado y predecible no calm\u00f3 los \u00e1nimos. El llamarse unos a otros\/as traidores a la patria, nuevamente no funcion\u00f3 para volver al equilibrio. De hecho, este escenario ya estaba, tambi\u00e9n, anunciado; s\u00ed, pues unos d\u00edas antes, la persona a la que le pagamos para gobernar nuestro M\u00e9xico, hab\u00eda amenazado que si la votaci\u00f3n en el Congreso no era la que \u00e9l cre\u00eda lo correcto para la naci\u00f3n, al d\u00eda siguiente presentar\u00eda una iniciativa para nacionalizar el litio, la cual ya ten\u00eda lista.<\/p>\n<div><\/div>\n<p>Y ese d\u00eda me qued\u00e9, como cuando tuve la epifan\u00eda sobre el c\u00e1ntico de la pi\u00f1ata\u2026 \u00bfqu\u00e9 tiene qu\u00e9 ver? Confieso que no lo s\u00e9 hasta ahora, investigu\u00e9 poco, pero salvo lo de las pilas\u2026 me qued\u00e9 igual. As\u00ed que decid\u00ed quedarme con la respuesta que dio el entonces Presidente de M\u00e9xico, a un reportero, cuando el 26 de junio de 2020 le pregunt\u00f3: \u201cRespecto a las minas de litio, as\u00ed se dijo, se tendr\u00eda que nacionalizar, \u00bfusted qu\u00e9 postura tiene?\u201d. Ese Andr\u00e9s Manuel dijo: \u201cNo es necesaria la nacionalizaci\u00f3n porque, de acuerdo a la Constituci\u00f3n, en el art\u00edculo 27, se establece el dominio de la naci\u00f3n de los recursos naturales que est\u00e1n en el suelo y en el subsuelo\u201d. Como abogado que tambi\u00e9n soy, fui a checar, y en efecto all\u00ed est\u00e1; as\u00ed que dije: \u201cya est\u00e1\u201d.<\/p>\n<p>La votaci\u00f3n no fue la esperada por \u00e9l, as\u00ed que cuando el (actual) presidente sali\u00f3 en la ma\u00f1ana siguiente a comunicarnos los temas que esperamos, prefiri\u00f3 abordar el tema del rechazo a la reforma constitucional y el cumplimiento de su palabra: \u201cSe tiene una iniciativa para que, si as\u00ed lo deciden en la C\u00e1mara, nacionalicemos el litio, as\u00ed de claro\u201d.<\/p>\n<p>Y s\u00ed, la noche del domingo envi\u00f3 esa iniciativa, y se repiti\u00f3 casi el mismo circo del d\u00eda anterior en la C\u00e1mara de Diputados. Parece que ya los diputados\/as oficialistas ten\u00edan el conocimiento pleno del documento, los argumentos para aprobarla, los carteles para la exhibici\u00f3n y hasta la \u201cRoque Se\u00f1al\u201d lista para mostrarse (nunca tan magistralmente ejecutada como en 1995 por su creador, claro) con escenario lleno por esa mayor\u00eda que ahora s\u00ed gan\u00f3 la partida, y \u201cemparej\u00f3 el marcador\u201d, a su entender. La minor\u00eda, que gan\u00f3 el domingo adujo que no se cumplieron los requisitos parlamentarios, se abstuvo y se retir\u00f3. Y supongo que no, pues la iniciativa les lleg\u00f3 unas horas antes, pero, je, la noticia no es que nuestro Congreso apruebe algo cuyo texto ni ha le\u00eddo.<\/p>\n<div><\/div>\n<p>Parece, s\u00f3lo parece (impresi\u00f3n diagn\u00f3stica) que el litio s\u00ed lograr\u00e1 en esta ocasi\u00f3n cumplir su funci\u00f3n de apaciguar un rato el estado maniaco al que nos tuvieron sometidos por largo per\u00edodo, y en especial la crisis de excitaci\u00f3n de estas dos semanas. El Andr\u00e9s Manuel de estos d\u00edas confirm\u00f3 que se van a revisar todos los contratos autorizados para litio y supongo que eso se va a llevar un tiempo, as\u00ed como responder a las complicaciones legales e institucionales que esta dosis genere como efectos secundarios.<\/p>\n<p>Para quienes hoy como adultos, ya no prefieran romper la pi\u00f1ata, deseo venga un periodo de tranquilidad, aunque sea corto, je, pues, esta persona a la que le pagamos para dirigir a nuestro pa\u00eds, tambi\u00e9n afirm\u00f3 que no se suspenden los contratos firmados para otros minerales, no es para la plata, no es para el oro, para el cobre, es para el litio solamente. As\u00ed que a quienes les importen esos otros metales, tambi\u00e9n pueden estar tranquilos.<\/p>\n<p>Pero no nos relajemos en exceso, pues el vadem\u00e9cum claramente indica que la sal de litio no es curativa; debe tomarse con la constancia que el m\u00e9dico prescriba para lograr su efecto; y aunque s\u00f3lo aminora los efectos maniacos, debe mantenerse su ingesta si hay periodos depresivos. Por ello esperemos que la pi\u00f1ata, a falta de oro o plata, s\u00ed traiga suficiente litio\u2026<\/p>\n<p><small>&#8212;&#8212;&#8212;&#8212;&#8212;&#8212;&#8212;&#8212;&#8212;&#8212;&#8212;&#8212;&#8212;-<\/small><br \/><b><small>*Jorge Valladares S\u00e1nchez<\/small><\/b><br \/><small>Pap\u00e1, Ciudadano, Consultor.<\/small><br \/><small>Doctor en Ciencias Sociales.<\/small><br \/><small>Doctor en Derechos Humanos.<\/small><br \/><small>Especialista, Maestro y Licenciado en Psicolog\u00eda<\/small><br \/><small>Licenciado en Derecho<\/small><\/p>\n","protected":false},"excerpt":{"rendered":"<p>Por: Jorge Valladares S\u00e1nchez.*<\/p>\n","protected":false},"author":1112,"featured_media":36361,"comment_status":"open","ping_status":"open","sticky":false,"template":"","format":"standard","meta":{"tdm_status":"","tdm_grid_status":"","footnotes":""},"categories":[25],"tags":[],"_links":{"self":[{"href":"https:\/\/dralvarez.com.mx\/larevista\/wp-json\/wp\/v2\/posts\/21512"}],"collection":[{"href":"https:\/\/dralvarez.com.mx\/larevista\/wp-json\/wp\/v2\/posts"}],"about":[{"href":"https:\/\/dralvarez.com.mx\/larevista\/wp-json\/wp\/v2\/types\/post"}],"author":[{"embeddable":true,"href":"https:\/\/dralvarez.com.mx\/larevista\/wp-json\/wp\/v2\/users\/1112"}],"replies":[{"embeddable":true,"href":"https:\/\/dralvarez.com.mx\/larevista\/wp-json\/wp\/v2\/comments?post=21512"}],"version-history":[{"count":1,"href":"https:\/\/dralvarez.com.mx\/larevista\/wp-json\/wp\/v2\/posts\/21512\/revisions"}],"predecessor-version":[{"id":36360,"href":"https:\/\/dralvarez.com.mx\/larevista\/wp-json\/wp\/v2\/posts\/21512\/revisions\/36360"}],"wp:featuredmedia":[{"embeddable":true,"href":"https:\/\/dralvarez.com.mx\/larevista\/wp-json\/wp\/v2\/media\/36361"}],"wp:attachment":[{"href":"https:\/\/dralvarez.com.mx\/larevista\/wp-json\/wp\/v2\/media?parent=21512"}],"wp:term":[{"taxonomy":"category","embeddable":true,"href":"https:\/\/dralvarez.com.mx\/larevista\/wp-json\/wp\/v2\/categories?post=21512"},{"taxonomy":"post_tag","embeddable":true,"href":"https:\/\/dralvarez.com.mx\/larevista\/wp-json\/wp\/v2\/tags?post=21512"}],"curies":[{"name":"wp","href":"https:\/\/api.w.org\/{rel}","templated":true}]}}