{"id":21500,"date":"2022-04-25T00:00:00","date_gmt":"2022-04-25T06:00:00","guid":{"rendered":"https:\/\/dralvarez.com.mx\/larevista\/blog\/urgente-recomponer-el-escenario-politico-nacional"},"modified":"2024-02-23T12:38:00","modified_gmt":"2024-02-23T18:38:00","slug":"urgente-recomponer-el-escenario-politico-nacional","status":"publish","type":"post","link":"https:\/\/dralvarez.com.mx\/larevista\/opiniones\/urgente-recomponer-el-escenario-politico-nacional","title":{"rendered":"Urgente recomponer el  escenario pol\u00edtico nacional"},"content":{"rendered":"<p><b>Editorial La Revista Peninsular<\/b><\/p>\n<\/p>\n<p>Despu\u00e9s de que se desechara la reforma el\u00e9ctrica<br \/>\npropuesta por el presidente Andr\u00e9s Manuel L\u00f3pez Obrador, el escenario pol\u00edtico<br \/>\nnacional mostr\u00f3 una nueva composici\u00f3n que parece determinarse por la<br \/>\npolarizaci\u00f3n. Este escenario, el cual responde a la necesidad de generar<br \/>\nbloques para lograr equilibrios de poder, no debe replicarse en el escenario<br \/>\nsocial pues debilita la unidad nacional que tanto necesitamos para hacer frente<br \/>\na los m\u00faltiples retos que afronta nuestro pa\u00eds.<\/p>\n<p>Durante la segunda mitad del sexenio del presidente<br \/>\nL\u00f3pez Obrador, el escenario pol\u00edtico nacional ha demostrado estar regido por la<br \/>\npolarizaci\u00f3n: est\u00e1s a favor de proyecto presidencial o en contra. Esto es<br \/>\nsimilar a lo que sucedi\u00f3 en la primera mitad del sexenio, con la diferencia de<br \/>\nque ahora la oposici\u00f3n, si se une, cuenta con suficientes diputaciones en el<br \/>\nCongreso Federal para evitar que Morena y sus aliados tengan una mayor\u00eda<br \/>\ncalificada (2 terceras partes de las 500 diputaciones), la cual es necesaria<br \/>\npara modificar la Constituci\u00f3n.<\/p>\n<p>Lo anterior ha intensificado la polarizaci\u00f3n pol\u00edtica<br \/>\nen los sistemas p\u00fablicos, lo que ha tra\u00eddo m\u00e1s cosas malas que buenas a la<br \/>\nnaci\u00f3n. Por ejemplo, la polarizaci\u00f3n inhibe el debate pues propicia que<br \/>\nfuncionarios de gran poder, como el presidente, ordenen la aprobaci\u00f3n de<br \/>\nreformas \u201csin que se cambie una coma\u201d o que los partidos voten en bloque sin<br \/>\nespacio al discernimiento de sus miembros. Por otro lado, entre sus pocos<br \/>\naspectos positivos, permite corroborar el funcionamiento de nuestros<br \/>\ncontrapesos institucionales y pol\u00edticos.<\/p>\n<p>Es dif\u00edcil predecir hacia d\u00f3nde va el escenario<br \/>\npol\u00edtico mexicano ya que cambia constantemente dada la cercan\u00eda a los pr\u00f3ximos<br \/>\ncomicios electorales. No obstante, todo parece indicar que la polarizaci\u00f3n<br \/>\ncontinuar\u00e1 por la postura que ha tomado el presidente L\u00f3pez Obrador y su<br \/>\npartido tras la negativa a su reforma el\u00e9ctrica.<\/p>\n<p>Debido al nivel de polarizaci\u00f3n presente en la<br \/>\npol\u00edtica nacional, la poblaci\u00f3n podr\u00eda pensar que debe actuar de la misma<br \/>\nforma, pero no es as\u00ed. Es importante que los mexicanos puedan separar su vida<br \/>\nsocial y comunitaria de los conflictos en los sistemas de poder pues \u00e9stos<br \/>\ntienen objetivos y reglas particulares que permiten su funcionamiento a pesar<br \/>\nde la polarizaci\u00f3n. En la esfera cotidiana, no debe importar qu\u00e9 partido apoye<br \/>\nel vecino o su opini\u00f3n sobre la \u00faltima reforma presidencial, sino que se<br \/>\ncomparta entre todos una identidad nacional y el deseo por tener un mejor pa\u00eds.<\/p>\n<p>Es cierto que lograr y mantener la unidad nacional es<br \/>\ncomplicado, especialmente cuando l\u00edderes pol\u00edticos difunden discursos que<br \/>\npropician la divisi\u00f3n; sin embargo, los mexicanos cuentan con elementos que les<br \/>\npermiten sentirse hermanos a pesar de las distancias y diferencias como lo son<br \/>\nsu diversa cultura, sus antiguas tradiciones, su honorable historia, su rico<br \/>\narte, su legado deportivo, su impresionante patrimonio natural y su reconocida<br \/>\ngastronom\u00eda, entre muchos otros.<\/p>\n<p>Buscar la unidad nacional es importante pues M\u00e9xico,<br \/>\naunque es un pa\u00eds bello, tiene muchos problemas que solo pueden solucionarse<br \/>\ndesde su poblaci\u00f3n. El gobierno y los sistemas de poder son esenciales para<br \/>\nhacer frente a dichas problem\u00e1ticas, pero es la sociedad la que construye el<br \/>\npa\u00eds d\u00eda a d\u00eda con sus acciones. Sin unidad nacional, dif\u00edcilmente se lograr\u00e1n<br \/>\ncambios trascendentales que permitan el devenir de un mejor pa\u00eds por lo que es<br \/>\nnecesario que los mexicanos den la espalda a la polarizaci\u00f3n y, en vez, arropen<br \/>\nel di\u00e1logo y el respeto.<\/p><\/p>\n","protected":false},"excerpt":{"rendered":"<p>Editorial La Revista Peninsular<\/p>\n","protected":false},"author":1111,"featured_media":36349,"comment_status":"open","ping_status":"open","sticky":false,"template":"","format":"standard","meta":{"tdm_status":"","tdm_grid_status":"","footnotes":""},"categories":[25],"tags":[],"_links":{"self":[{"href":"https:\/\/dralvarez.com.mx\/larevista\/wp-json\/wp\/v2\/posts\/21500"}],"collection":[{"href":"https:\/\/dralvarez.com.mx\/larevista\/wp-json\/wp\/v2\/posts"}],"about":[{"href":"https:\/\/dralvarez.com.mx\/larevista\/wp-json\/wp\/v2\/types\/post"}],"author":[{"embeddable":true,"href":"https:\/\/dralvarez.com.mx\/larevista\/wp-json\/wp\/v2\/users\/1111"}],"replies":[{"embeddable":true,"href":"https:\/\/dralvarez.com.mx\/larevista\/wp-json\/wp\/v2\/comments?post=21500"}],"version-history":[{"count":1,"href":"https:\/\/dralvarez.com.mx\/larevista\/wp-json\/wp\/v2\/posts\/21500\/revisions"}],"predecessor-version":[{"id":36348,"href":"https:\/\/dralvarez.com.mx\/larevista\/wp-json\/wp\/v2\/posts\/21500\/revisions\/36348"}],"wp:featuredmedia":[{"embeddable":true,"href":"https:\/\/dralvarez.com.mx\/larevista\/wp-json\/wp\/v2\/media\/36349"}],"wp:attachment":[{"href":"https:\/\/dralvarez.com.mx\/larevista\/wp-json\/wp\/v2\/media?parent=21500"}],"wp:term":[{"taxonomy":"category","embeddable":true,"href":"https:\/\/dralvarez.com.mx\/larevista\/wp-json\/wp\/v2\/categories?post=21500"},{"taxonomy":"post_tag","embeddable":true,"href":"https:\/\/dralvarez.com.mx\/larevista\/wp-json\/wp\/v2\/tags?post=21500"}],"curies":[{"name":"wp","href":"https:\/\/api.w.org\/{rel}","templated":true}]}}