{"id":21498,"date":"2022-04-25T00:00:00","date_gmt":"2022-04-25T06:00:00","guid":{"rendered":"https:\/\/dralvarez.com.mx\/larevista\/blog\/23-de-abril-dia-grande"},"modified":"2024-02-23T12:37:42","modified_gmt":"2024-02-23T18:37:42","slug":"23-de-abril-dia-grande","status":"publish","type":"post","link":"https:\/\/dralvarez.com.mx\/larevista\/opiniones\/23-de-abril-dia-grande","title":{"rendered":"23 de abril: d\u00eda grande!"},"content":{"rendered":"<p><b>Por: Cristina Pad\u00edn.<\/b><\/p>\n<p>Cuando el coche azul se perdi\u00f3 bajo el sof\u00e1 blanco, mam\u00e1 lo buscar\u00eda m\u00e1s tarde, el ni\u00f1o se fue a dormir. Como todas las noches ley\u00f3 un cuento, sab\u00eda leer muy bien a sus seis a\u00f1os. Y cuando apag\u00f3 la luz supo que al d\u00eda siguiente ser\u00eda 23 de abril.. D\u00eda muy grande en general y d\u00eda grande entre los grandes en su casa: \u00e9l festejaba santo, Jorge; su hermana cumpl\u00eda a\u00f1os, y era el maravilloso D\u00eda del Libro. <\/p>\n<p>Cuando el \u00faltimo whatsapp fue recibido.. y \u00fanicamente era una palabra (desde luego el chico que le gustaba era escaso en vocablos, al menos besaba genial!) ella se march\u00f3 a la cama. Pensaba leer un rato, una novela que se llamaba Belleza roja.. le estaba encantando! Compaginaba ese libro con uno de poemas taurinos. Al d\u00eda siguiente cumpl\u00eda quince! Y se festejaba el D\u00eda del Libro! Adoraba la fecha\u2026<\/p>\n<p>Su t\u00eda, en Madrid, hab\u00eda asistido a la lectura continuada de El Quijote. Qu\u00e9 fabulosa tradici\u00f3n.. a ella le gustaba esa novela. Pese a su antig\u00fcedad encontraba en ella muchos valores que ve\u00eda actuales. Estaban de moda, por decirlo as\u00ed. La valent\u00eda, el decir la verdad, el luchar por un sue\u00f1o\u2026 La joven conoc\u00eda quijotes modernos, y \u201cquijotesas\u201d, y se fijaba mucho en sus comportamientos. Eso es leer: sentir, vivir, aprender..<\/p>\n<p>Ma\u00f1ana en mi casa es un d\u00eda grande porque cumple a\u00f1os mi querida madre y por ser el D\u00eda del Libro.. adoro la fecha<br \/>A los libros<br \/>Al 23 de abril<br \/>A cada ser que en cualquier lugar y \u00e8poca disfruta las aventuras cervantinas<br \/>Al toreo<br \/>A Arantza Portabales<br \/>A cada quijote: valiente y sincero y so\u00f1ador, alguno de mis amigos es as\u00ed<br \/>A cada \u201cquijotesa\u201d<br \/>A cada persona que se preocupa por libros y cultura: clave de todo<br \/>A mi querido Luis<br \/>A Carlos<br \/>A cada Jorge y a Maite<br \/>A las palabras<br \/>Al toreo<br \/>A los cuentos y a los ni\u00f1os que leen cuentos<\/p>\n","protected":false},"excerpt":{"rendered":"<p>Por: Cristina Pad\u00edn.<\/p>\n","protected":false},"author":1025,"featured_media":36347,"comment_status":"open","ping_status":"open","sticky":false,"template":"","format":"standard","meta":{"tdm_status":"","tdm_grid_status":"","footnotes":""},"categories":[25],"tags":[],"_links":{"self":[{"href":"https:\/\/dralvarez.com.mx\/larevista\/wp-json\/wp\/v2\/posts\/21498"}],"collection":[{"href":"https:\/\/dralvarez.com.mx\/larevista\/wp-json\/wp\/v2\/posts"}],"about":[{"href":"https:\/\/dralvarez.com.mx\/larevista\/wp-json\/wp\/v2\/types\/post"}],"author":[{"embeddable":true,"href":"https:\/\/dralvarez.com.mx\/larevista\/wp-json\/wp\/v2\/users\/1025"}],"replies":[{"embeddable":true,"href":"https:\/\/dralvarez.com.mx\/larevista\/wp-json\/wp\/v2\/comments?post=21498"}],"version-history":[{"count":1,"href":"https:\/\/dralvarez.com.mx\/larevista\/wp-json\/wp\/v2\/posts\/21498\/revisions"}],"predecessor-version":[{"id":36346,"href":"https:\/\/dralvarez.com.mx\/larevista\/wp-json\/wp\/v2\/posts\/21498\/revisions\/36346"}],"wp:featuredmedia":[{"embeddable":true,"href":"https:\/\/dralvarez.com.mx\/larevista\/wp-json\/wp\/v2\/media\/36347"}],"wp:attachment":[{"href":"https:\/\/dralvarez.com.mx\/larevista\/wp-json\/wp\/v2\/media?parent=21498"}],"wp:term":[{"taxonomy":"category","embeddable":true,"href":"https:\/\/dralvarez.com.mx\/larevista\/wp-json\/wp\/v2\/categories?post=21498"},{"taxonomy":"post_tag","embeddable":true,"href":"https:\/\/dralvarez.com.mx\/larevista\/wp-json\/wp\/v2\/tags?post=21498"}],"curies":[{"name":"wp","href":"https:\/\/api.w.org\/{rel}","templated":true}]}}