{"id":21486,"date":"2022-04-25T00:00:00","date_gmt":"2022-04-25T06:00:00","guid":{"rendered":"https:\/\/dralvarez.com.mx\/larevista\/blog\/secuestro"},"modified":"2024-02-23T12:37:20","modified_gmt":"2024-02-23T18:37:20","slug":"secuestro","status":"publish","type":"post","link":"https:\/\/dralvarez.com.mx\/larevista\/opiniones\/secuestro","title":{"rendered":"Secuestro"},"content":{"rendered":"<p><b><i>Se comenta solo&#8230;<\/i>, por: Carlos Ramos Padilla.*<\/b><\/p>\n<\/p>\n<p>A \u00e9l por su entereza y fuerza, gallard\u00eda y temple.<\/p>\n<p>El pasado 10 de julio del 2014 un amigo m\u00edo, honesto, trabajador, emprendedor, padre de familia, fue secuestrado en el Estado de M\u00e9xico brutalmente humillado, torturado, extorsionado y mutilado por una banda de delincuentes que sin escr\u00fapulo alguno amenazaban a la familia, la persegu\u00edan, la vigilaban y presionaban.<\/p>\n<p>Luego de a\u00f1os en que mi amigo administr\u00f3 su tiempo y energ\u00eda para coadyuvar a dar con los maleantes ya fueron casi todos aprehendidos, as\u00ed lo manifest\u00f3 incluso en mi programa VaEnSerio de mexiquensetv. Me cuenta mi amigo que faltan por localizar a presuntos m\u00e9dicos y enfermeros (al parecer de instituciones de gobierno) que auxiliaban a los delincuentes en la tarea de mutilaci\u00f3n.<\/p>\n<p>El m\u00e9dico indicaba y giraba instrucciones, un enfermero se encargaba de cortar los dedos y procurar no se presentara infecci\u00f3n, lo necesitaban vivo para exigir m\u00e1s dinero. Tambi\u00e9n estaban involucrados tres polic\u00edas hoy en espera de sentencia. Por qu\u00e9 el retraso para detener a estos sujetos? porque Amlo decidi\u00f3 reducir presupuesto a la Seido frenando pr\u00e1cticamente todos los expedientes, vamos ni para fotocopias tienen. Aunque vale decir, a\u00fan con esto, hay funcionarios eficientes e \u00edntegros dentro de un mundo hostil.<\/p>\n<p>Ulises Abarca Reyes alias \u201cEl Patr\u00f3n\u201d y\/o \u201cEl Abarca\u201d y\/o \u201cEl Reyes\u201d y\/o \u201cEl G\u00fcero\u201d e Israel Lemus Guti\u00e9rrez, alias \u201cEl Negro\u201d recibieron sentencia condenatoria por 75 a\u00f1os de prisi\u00f3n, as\u00ed como el pago de una multa de 807 mil 480 pesos cada uno, por su responsabilidad en la comisi\u00f3n del delito de secuestro agravado. A Ulises Abarca Reyes y a Israel Lemus Guti\u00e9rrez, se les atribuye su pertenencia a una organizaci\u00f3n criminal dedicada principalmente al delito de secuestro, cuyo principal centro de acci\u00f3n lo constitu\u00eda el Estado de M\u00e9xico y la Ciudad de M\u00e9xico.<\/p>\n<p>La Fiscal\u00eda General de la Rep\u00fablica (FGR), inform\u00f3 que a trav\u00e9s de la Fiscal\u00eda Especializada en Materia de Delincuencia Organizada (FEMDO), obtuvo dicha sentencia condenatoria de 75 a\u00f1os de prisi\u00f3n. Sin embargo debo decir que el da\u00f1o moral, psicol\u00f3gico, econ\u00f3mico y familiar fue tremendo. Mi amigo, empresario, fue vigilado por sus propios empleados en sus actividades y rutinas de ah\u00ed la informaci\u00f3n a otra c\u00e9lula para secuestrarlo y luego a otra m\u00e1s para la negociaci\u00f3n, liberaci\u00f3n o ejecuci\u00f3n.<\/p>\n<p>Mi amigo salv\u00f3 la vida pero mucho otros no, veamos la tragedia de los feminicidios que sin otra raz\u00f3n que el de ser mujeres las matan. Por ello ofenden las posturas presidenciales de llamar a las abuelitas a corregir las desviaciones de sus nietos, por ello irrita que deje en libertad a sujetos como Ovidio Guzm\u00e1n con absoluta impunidad, por ello escandaliza que desv\u00ede presupuestos a sus ocurrencias cuando son miles las v\u00edctimas diarias de la extorsi\u00f3n, secuestro, violencia y asesinato.<\/p>\n<p>No puedo imaginarme y no me atrevo a preguntar cu\u00e1l es la sensaci\u00f3n de la familia al recibir un dedo amputado de su familiar. No s\u00e9 c\u00f3mo se le explica a un ni\u00f1o que su padre est\u00e1 detenido injustamente y que quiz\u00e1 no regrese pero para el gobierno actual esto es motivo de estad\u00edsticas, cifras que se esconden mientras no exista un impacto social\/medi\u00e1tico o se presumen afirmando que vamos a la baja como con los periodistas \u201cno m\u00e1s van siete este a\u00f1o\u201d. Muchos como mi amigo han tenido que destinar parte de su energ\u00eda y vida para dar con los secuestradores porque por lo dem\u00e1s todo es pretexto a dilaci\u00f3n: vacaciones, puentes, falta de presupuesto, conflictos sindicales, pandemia o digitalizaci\u00f3n de expedientes. Parte de los integrantes de banda detenida, de acuerdo a las sentencias, habr\u00e1n de morir tras las rejas a menos que como a otros, incluso por sobrepoblaci\u00f3n o imagen pol\u00edtica, se les determine preliberaci\u00f3n. Por lo pronto, est\u00e1n donde merecen aunque repito, el da\u00f1o es irreparable y mounstroso.<\/p>\n<p><b>*conductor del programa VaEnSerio mexiquensetv canal 34.2 izzi 135<\/b><\/p>\n<p><\/p>\n","protected":false},"excerpt":{"rendered":"<p>Se comenta solo&#8230;<\/p>\n","protected":false},"author":1168,"featured_media":0,"comment_status":"open","ping_status":"open","sticky":false,"template":"","format":"standard","meta":{"tdm_status":"","tdm_grid_status":"","footnotes":""},"categories":[25],"tags":[],"_links":{"self":[{"href":"https:\/\/dralvarez.com.mx\/larevista\/wp-json\/wp\/v2\/posts\/21486"}],"collection":[{"href":"https:\/\/dralvarez.com.mx\/larevista\/wp-json\/wp\/v2\/posts"}],"about":[{"href":"https:\/\/dralvarez.com.mx\/larevista\/wp-json\/wp\/v2\/types\/post"}],"author":[{"embeddable":true,"href":"https:\/\/dralvarez.com.mx\/larevista\/wp-json\/wp\/v2\/users\/1168"}],"replies":[{"embeddable":true,"href":"https:\/\/dralvarez.com.mx\/larevista\/wp-json\/wp\/v2\/comments?post=21486"}],"version-history":[{"count":1,"href":"https:\/\/dralvarez.com.mx\/larevista\/wp-json\/wp\/v2\/posts\/21486\/revisions"}],"predecessor-version":[{"id":36336,"href":"https:\/\/dralvarez.com.mx\/larevista\/wp-json\/wp\/v2\/posts\/21486\/revisions\/36336"}],"wp:attachment":[{"href":"https:\/\/dralvarez.com.mx\/larevista\/wp-json\/wp\/v2\/media?parent=21486"}],"wp:term":[{"taxonomy":"category","embeddable":true,"href":"https:\/\/dralvarez.com.mx\/larevista\/wp-json\/wp\/v2\/categories?post=21486"},{"taxonomy":"post_tag","embeddable":true,"href":"https:\/\/dralvarez.com.mx\/larevista\/wp-json\/wp\/v2\/tags?post=21486"}],"curies":[{"name":"wp","href":"https:\/\/api.w.org\/{rel}","templated":true}]}}