{"id":21484,"date":"2022-04-25T00:00:00","date_gmt":"2022-04-25T06:00:00","guid":{"rendered":"https:\/\/dralvarez.com.mx\/larevista\/blog\/un-tesoro-un-libro"},"modified":"2024-02-23T12:36:55","modified_gmt":"2024-02-23T18:36:55","slug":"un-tesoro-un-libro","status":"publish","type":"post","link":"https:\/\/dralvarez.com.mx\/larevista\/opiniones\/un-tesoro-un-libro","title":{"rendered":"Un tesoro: un libro&#8230;"},"content":{"rendered":"<p><b>Por: Cristina Pad\u00edn.<\/b><\/p>\n<p>Tres veces tres pas\u00f3 la mujer por delante de la peque\u00f1a casita de madera que hab\u00edan montado en el parque.. y en ninguna de las tres apreci\u00f3 el contenido. Estaba llena de libros, libros que cualquiera pod\u00eda llevarse a casa. Un modo de festejar el 23 de abril. La que no fue capaz de ver p\u00e1ginas y palabras iba ocupada criticando, ensa\u00f1\u00e1ndose con o contra algo o alguien. <\/p>\n<p>Cuatro veces cuatro se pavone\u00f3 el que se cre\u00eda m\u00e1s que los dem\u00e1s delante de la cuca casita de madera que tanto hab\u00eda agradado en el jard\u00edn a ni\u00f1os y adolescentes y ancianos.. a todos! El hombre que era incapaz de valorar o agradecer un libro iba muy ocupado mintiendo por tel\u00e9fono a otro como \u00e9l que se cre\u00eda sus mentiras. O por inter\u00e9s fing\u00eda creerlas. <\/p>\n<p>Los que no reparaban ni en ella ni en \u00e9l, no se hace aprecio pues eso es el mejor de los desprecios, disfrutaron mucho aquella actividad. En una peque\u00f1a villa gallega con una gran calidad de vida. Galicia calidade.. y un chico opt\u00f3 por coger un libro sobre Perera, qu\u00e9 gran torero; y una abuelilla se decant\u00f3 por uno de m\u00fasica flamenca; y una ni\u00f1a encontr\u00f3 un libro de vampiros..<\/p>\n<p>Vivan los libros!!<\/p>\n<p>Dedicado a los libros<br \/>A la gente que los aprecia<br \/>A Marcos y Cristina, de Arz\u00faa<br \/>A Arz\u00faa<br \/>A mi Galicia, donde se vive tan bien<br \/>A la cultura<br \/>A mi querido Luis<br \/>A Miguel \u00c0ngel Perera, pronto escribir\u00e9 un libro sobre este magn\u00edfico torero<br \/>Al toreo<br \/>A la m\u00fasica flamenca<br \/>A las personas que no critican y que no mienten<\/p>\n","protected":false},"excerpt":{"rendered":"<p>Por: Cristina Pad\u00edn.<\/p>\n","protected":false},"author":1025,"featured_media":36335,"comment_status":"open","ping_status":"open","sticky":false,"template":"","format":"standard","meta":{"tdm_status":"","tdm_grid_status":"","footnotes":""},"categories":[25],"tags":[],"_links":{"self":[{"href":"https:\/\/dralvarez.com.mx\/larevista\/wp-json\/wp\/v2\/posts\/21484"}],"collection":[{"href":"https:\/\/dralvarez.com.mx\/larevista\/wp-json\/wp\/v2\/posts"}],"about":[{"href":"https:\/\/dralvarez.com.mx\/larevista\/wp-json\/wp\/v2\/types\/post"}],"author":[{"embeddable":true,"href":"https:\/\/dralvarez.com.mx\/larevista\/wp-json\/wp\/v2\/users\/1025"}],"replies":[{"embeddable":true,"href":"https:\/\/dralvarez.com.mx\/larevista\/wp-json\/wp\/v2\/comments?post=21484"}],"version-history":[{"count":1,"href":"https:\/\/dralvarez.com.mx\/larevista\/wp-json\/wp\/v2\/posts\/21484\/revisions"}],"predecessor-version":[{"id":36334,"href":"https:\/\/dralvarez.com.mx\/larevista\/wp-json\/wp\/v2\/posts\/21484\/revisions\/36334"}],"wp:featuredmedia":[{"embeddable":true,"href":"https:\/\/dralvarez.com.mx\/larevista\/wp-json\/wp\/v2\/media\/36335"}],"wp:attachment":[{"href":"https:\/\/dralvarez.com.mx\/larevista\/wp-json\/wp\/v2\/media?parent=21484"}],"wp:term":[{"taxonomy":"category","embeddable":true,"href":"https:\/\/dralvarez.com.mx\/larevista\/wp-json\/wp\/v2\/categories?post=21484"},{"taxonomy":"post_tag","embeddable":true,"href":"https:\/\/dralvarez.com.mx\/larevista\/wp-json\/wp\/v2\/tags?post=21484"}],"curies":[{"name":"wp","href":"https:\/\/api.w.org\/{rel}","templated":true}]}}