{"id":21458,"date":"2022-04-19T00:00:00","date_gmt":"2022-04-19T06:00:00","guid":{"rendered":"https:\/\/dralvarez.com.mx\/larevista\/blog\/morante-virxe-das-cabezas-lunes-de-pascua"},"modified":"2024-02-23T12:35:58","modified_gmt":"2024-02-23T18:35:58","slug":"morante-virxe-das-cabezas-lunes-de-pascua","status":"publish","type":"post","link":"https:\/\/dralvarez.com.mx\/larevista\/opiniones\/morante-virxe-das-cabezas-lunes-de-pascua","title":{"rendered":"Morante. Virxe das Cabezas. Lunes de Pascua&#8230;"},"content":{"rendered":"<p><b>Por: Cristina Pad\u00edn.<\/b><\/p>\n<p>Cay\u00f3 el hombro de Morante contra arenas y sue\u00f1os.. y se suspendi\u00f3 el tiempo en un miedo fr\u00edo y contenido que dej\u00f3 paso al ole y al valor. Ole, Morante, compareciendo en Sevilla en el Domingo m\u00e1s hermoso del a\u00f1o. La valent\u00eda la ganan las gestas y los gestos.. y el torero de La Puebla escribi\u00f3 versos de verdad con su piel dolorida. Viva el toreo! <\/p>\n<p>Muchos lo sabemos..<\/p>\n<p>Amaneci\u00f3 en 19 y en abril, otras veces sucede en marzo y en otro n\u00famero, 18 por ejemplo, pero lo que siempre pasa es que es lunes. Lunes tras la Resurrecci\u00f3n de uno de nuestros domingos m\u00e1s queridos.. un lunes en el que gran parte de la fe peregrina al Monasterio da Armenteira, y pasa una jornada de campo, y reza a la Virxe das Cabezas. <\/p>\n<p>Muchos lo sentimos..<\/p>\n<p>Lunes de Pascua. Mientras los que oran en Meis a la Virxe das Cabezas le piden su ayuda, en Padr\u00f3n sabe a pulpo y a tradici\u00f3n y a feria y a Galicia. Hubo recortes taurinos ayer, Galicia y Andaluc\u00eda comparten versos muy semejantes a veces, y hoy es Lunes de Pascua. D\u00eda grande en la villa rosaliana. Ole y cultura y fiesta..<\/p>\n<p>Muchos lo vivimos.. <\/p>\n<p>Dedicado al Lunes de Pascua<br \/>A cada tradici\u00f3n<br \/>Al toreo. A Morante. Y a mi mago<br \/>A mi Galicia y mi Andaluc\u00eda<br \/>A mi Luis, que tiene que venir un d\u00eda a conocer a la Virxe das Cabezas<br \/>A la valent\u00eda y los valientes<br \/>A mi amigo Jm<br \/>A la memoria de Rosal\u00eda de Castro<\/p>\n","protected":false},"excerpt":{"rendered":"<p>Por: Cristina Pad\u00edn.<\/p>\n","protected":false},"author":1025,"featured_media":36310,"comment_status":"open","ping_status":"open","sticky":false,"template":"","format":"standard","meta":{"tdm_status":"","tdm_grid_status":"","footnotes":""},"categories":[25],"tags":[],"_links":{"self":[{"href":"https:\/\/dralvarez.com.mx\/larevista\/wp-json\/wp\/v2\/posts\/21458"}],"collection":[{"href":"https:\/\/dralvarez.com.mx\/larevista\/wp-json\/wp\/v2\/posts"}],"about":[{"href":"https:\/\/dralvarez.com.mx\/larevista\/wp-json\/wp\/v2\/types\/post"}],"author":[{"embeddable":true,"href":"https:\/\/dralvarez.com.mx\/larevista\/wp-json\/wp\/v2\/users\/1025"}],"replies":[{"embeddable":true,"href":"https:\/\/dralvarez.com.mx\/larevista\/wp-json\/wp\/v2\/comments?post=21458"}],"version-history":[{"count":1,"href":"https:\/\/dralvarez.com.mx\/larevista\/wp-json\/wp\/v2\/posts\/21458\/revisions"}],"predecessor-version":[{"id":36309,"href":"https:\/\/dralvarez.com.mx\/larevista\/wp-json\/wp\/v2\/posts\/21458\/revisions\/36309"}],"wp:featuredmedia":[{"embeddable":true,"href":"https:\/\/dralvarez.com.mx\/larevista\/wp-json\/wp\/v2\/media\/36310"}],"wp:attachment":[{"href":"https:\/\/dralvarez.com.mx\/larevista\/wp-json\/wp\/v2\/media?parent=21458"}],"wp:term":[{"taxonomy":"category","embeddable":true,"href":"https:\/\/dralvarez.com.mx\/larevista\/wp-json\/wp\/v2\/categories?post=21458"},{"taxonomy":"post_tag","embeddable":true,"href":"https:\/\/dralvarez.com.mx\/larevista\/wp-json\/wp\/v2\/tags?post=21458"}],"curies":[{"name":"wp","href":"https:\/\/api.w.org\/{rel}","templated":true}]}}