{"id":21448,"date":"2022-04-18T00:00:00","date_gmt":"2022-04-18T06:00:00","guid":{"rendered":"https:\/\/dralvarez.com.mx\/larevista\/blog\/la-filosofia-de-amlo"},"modified":"2024-02-23T12:35:44","modified_gmt":"2024-02-23T18:35:44","slug":"la-filosofia-de-amlo","status":"publish","type":"post","link":"https:\/\/dralvarez.com.mx\/larevista\/opiniones\/la-filosofia-de-amlo","title":{"rendered":"La filosof\u00eda de AMLO"},"content":{"rendered":"<p><b><i>Se comenta solo&#8230;<\/i>, por: Carlos Ramos Padilla.*<\/b><\/p>\n<\/p>\n<p>Nunca antes la naci\u00f3n se hab\u00eda ilustrado, educado, aprendido tanto como con la filosof\u00eda y carga mental del actual presidente. S\u00f3lo por mencionar las expresiones de sus dos cargos p\u00fablicos m\u00e1s importantes: jefatura de gobierno del D.F. y presidente de la Rep\u00fablica.<\/p>\n<p>Sus decires nos han enriquecido indiscutiblemente para formarnos mejor como sociedad, crecernos en lo c\u00edvico. Veamos: \u201cc\u00e1llate chachalaca, lo que diga mi dedito, mi coraz\u00f3n no es bodega, fif\u00ed, pirruris, conservadores, traidores, aspiracionista, gu\u00e1cala, ya chole, fuchi, caca, me canso ganso, canallas, riqu\u00edn, canallin, mafia en el poder, adversarios, ser\u00e9nese, me patea el h\u00edgado, tapadera, el que aflige se afloja, me colmaron el plato, estado del chueco, formalismos hip\u00f3critas, tengo miedo pero no soy cobarde, ay manita!, imperialistas, no me van a  cucar, carajo, rateros, invasores, ladrones, yo tengo otros datos, tengan para que aprendan, chayotera\u201d.<\/p>\n<p>As\u00ed, entre otros ejemplos, la estatura mental y emocional del presidente. Ahora que si le rascamos a encontrar pocas ideas articuladas nos enfrentamos a un problema, casi todas son un plagio ideol\u00f3gico del venezolano Hugo Ch\u00e1vez:  v\u00e1yase al carajo, ser rico es malo es inhumano, no importa que no tengamos que comer la idea es salvar a la revoluci\u00f3n, no es lo mismo hablar de revoluci\u00f3n democr\u00e1tica que de democracia revolucionaria, no habr\u00e1 ni atropellos ni persecuci\u00f3n ni abusos ni irrespeto a la libre expresi\u00f3n, hay que tocar la fibra moral de la naci\u00f3n, no le vamos a permitir a nadie aqu\u00ed que venga a chantajearnos, al diablo con las instituciones, el error de la cuarta Republica fue habernos quitado tanto que tambi\u00e9n nos han quitado el miedo, el periodista se debe fundamentalmente al pueblo, m\u00e1ndeme el pueblo que yo sabr\u00e9 obedecer, los conservadores pretenden frenar el ritmo de la historia, ya no me pertenezco amor con amor se paga.  Sin duda una terminolog\u00eda m\u00e1s apegada a la destrucci\u00f3n, a la desuni\u00f3n, al rompimiento que, a la construcci\u00f3n, expresiones bajas que muestran menosprecio al pr\u00f3jimo, pero como dict\u00f3 en alguna ocasi\u00f3n el Maestro Jose Mu\u00f1oz Cota \u201cEl hombre es su palabra\u201d. \u00a1No hay m\u00e1s!<\/p>\n<p><b>*Conductor del programa VaEnSerio mexiquensetv canal 34.2 izzi 135<\/b><\/p>\n<p><\/p>\n","protected":false},"excerpt":{"rendered":"<p>Se comenta solo&#8230;<\/p>\n","protected":false},"author":1168,"featured_media":36303,"comment_status":"open","ping_status":"open","sticky":false,"template":"","format":"standard","meta":{"tdm_status":"","tdm_grid_status":"","footnotes":""},"categories":[25],"tags":[],"_links":{"self":[{"href":"https:\/\/dralvarez.com.mx\/larevista\/wp-json\/wp\/v2\/posts\/21448"}],"collection":[{"href":"https:\/\/dralvarez.com.mx\/larevista\/wp-json\/wp\/v2\/posts"}],"about":[{"href":"https:\/\/dralvarez.com.mx\/larevista\/wp-json\/wp\/v2\/types\/post"}],"author":[{"embeddable":true,"href":"https:\/\/dralvarez.com.mx\/larevista\/wp-json\/wp\/v2\/users\/1168"}],"replies":[{"embeddable":true,"href":"https:\/\/dralvarez.com.mx\/larevista\/wp-json\/wp\/v2\/comments?post=21448"}],"version-history":[{"count":1,"href":"https:\/\/dralvarez.com.mx\/larevista\/wp-json\/wp\/v2\/posts\/21448\/revisions"}],"predecessor-version":[{"id":36302,"href":"https:\/\/dralvarez.com.mx\/larevista\/wp-json\/wp\/v2\/posts\/21448\/revisions\/36302"}],"wp:featuredmedia":[{"embeddable":true,"href":"https:\/\/dralvarez.com.mx\/larevista\/wp-json\/wp\/v2\/media\/36303"}],"wp:attachment":[{"href":"https:\/\/dralvarez.com.mx\/larevista\/wp-json\/wp\/v2\/media?parent=21448"}],"wp:term":[{"taxonomy":"category","embeddable":true,"href":"https:\/\/dralvarez.com.mx\/larevista\/wp-json\/wp\/v2\/categories?post=21448"},{"taxonomy":"post_tag","embeddable":true,"href":"https:\/\/dralvarez.com.mx\/larevista\/wp-json\/wp\/v2\/tags?post=21448"}],"curies":[{"name":"wp","href":"https:\/\/api.w.org\/{rel}","templated":true}]}}