{"id":21444,"date":"2022-04-18T00:00:00","date_gmt":"2022-04-18T06:00:00","guid":{"rendered":"https:\/\/dralvarez.com.mx\/larevista\/blog\/que-la-nacion-me-lo-demande"},"modified":"2024-02-23T12:35:37","modified_gmt":"2024-02-23T18:35:37","slug":"que-la-nacion-me-lo-demande","status":"publish","type":"post","link":"https:\/\/dralvarez.com.mx\/larevista\/opiniones\/que-la-nacion-me-lo-demande","title":{"rendered":"Que la Naci\u00f3n me lo demande"},"content":{"rendered":"<p><b>Por: Pascal Beltr\u00e1n del R\u00edo.<\/b><\/p>\n<\/p>\n<p>Desde hace 200 a\u00f1os, los gobernantes del pa\u00eds, al<br \/>\ntomar posesi\u00f3n de su cargo, se han comprometido a acatar la ley y hacer que<br \/>\n\u00e9sta se cumpla.<\/p>\n<p>Ese juramento (hasta 1857) o protesta (a partir de ese<br \/>\na\u00f1o) ha variado muy poco desde que Agust\u00edn de Iturbide fue coronado emperador,<br \/>\nel 21 de julio de 1822, en la Catedral Metropolitana.<\/p>\n<p>\u201cJuro por Dios y los Santos Evangelios\u201d, expres\u00f3<br \/>\nentonces Iturbide, \u201cque guardar\u00e9 y har\u00e9 guardar la Constituci\u00f3n que formar\u00e1<br \/>\ndicho Congreso y entretanto la espa\u00f1ola en la parte que est\u00e1 vigente, y<br \/>\nasimismo las leyes, \u00f3rdenes y decretos que ha dado y en los sucesivo diere el<br \/>\nrepetido Congreso\u201d.<\/p>\n<p>El texto fue retomado en las constituciones de 1824,<br \/>\n1836 (las llamadas Siete Leyes), 1857 y 1917. La primera especificaba que el<br \/>\nPresidente guardar\u00eda y har\u00eda guardar \u201cexactamente la Constituci\u00f3n y las leyes<br \/>\nde la Federaci\u00f3n\u201d (art\u00edculo 101); la segunda repet\u00eda el mencionado adverbio<br \/>\n(Cuarta Ley, art\u00edculo 12); la tercera dec\u00eda que el cumplimiento se dar\u00eda \u201csin<br \/>\nreserva alguna\u201d (art\u00edculo 83), y la vigente mandata, simplemente, \u201cguardar y<br \/>\nhacer guardar la Constituci\u00f3n y las leyes que de ella emanen\u201d (art\u00edculo 87).<br \/>\nDesde entonces, el texto no se ha reformado.<\/p>\n<p>No pude averiguar por qu\u00e9 el Constituyente de 1824 se<br \/>\nsinti\u00f3 obligado de agregar \u201cexactamente\u201d, y el de 1857, \u201csin reserva alguna\u201d.<br \/>\n\u00bfAcaso habr\u00e1 sido porque los gobernantes de los a\u00f1os previos acataban las<br \/>\nnormas discrecionalmente? \u00bfCumpl\u00edan unas y otras no? \u00bfLas interpretaban a<br \/>\nconveniencia?<\/p>\n<p>Lo que s\u00ed s\u00e9 es que el presidente Andr\u00e9s Manuel L\u00f3pez<br \/>\nObrador protest\u00f3, con el brazo levantado, \u201cguardar y hacer guardar la<br \/>\nConstituci\u00f3n y las leyes que de ella emanen\u201d. Lo hizo repitiendo el texto, de<br \/>\n61 palabras, que contiene el art\u00edculo 87.<\/p>\n<p>No dijo \u201clas leyes que no hayan sido contaminadas por<br \/>\nel pensamiento y los intereses del neoliberalismo\u201d ni \u201cs\u00f3lo las leyes que no<br \/>\nhayan sido aprobadas mediante sobornos\u201d.<\/p>\n<p>En su conferencia ma\u00f1anera, el Presidente torci\u00f3 el<br \/>\nbrazo a los ministros de la Suprema Corte, quienes ya estaban discutiendo \u2013y<br \/>\nestaban por decidir\u2013 si la Ley de la Industria El\u00e9ctrica era constitucional (el<br \/>\nproyecto de la ministra Loretta Ortiz, que as\u00ed lo propon\u00eda, perdi\u00f3 la votaci\u00f3n<br \/>\npor siete a cuatro, pero con eso bast\u00f3 para que perviviera la norma).<\/p>\n<p>El mandatario les advirti\u00f3 que no le salieran \u201ccon el<br \/>\ncuento de que la ley es la ley\u201d, pues ellos ten\u00edan claro, afirm\u00f3, que la<br \/>\nreforma constitucional de 2013 en materia de energ\u00eda hab\u00eda sido aprobada en el<br \/>\nCongreso mediante sobornos, algo sobre lo que a\u00fan no hay sentencia de un juez.<\/p>\n<p>En una de esas, la frase de L\u00f3pez Obrador y su exhorto<br \/>\na los ministros a que se decidieran entre ser \u201cabogados que defienden el<br \/>\ninter\u00e9s p\u00fablico o abogados patronales\u201d ejercieron suficiente presi\u00f3n para<br \/>\nconseguir los cuatro votos que necesitaba.<\/p>\n<p>El planteamiento de que la ley es un \u201ccuento\u201d<br \/>\nrepresenta uno de los puntos m\u00e1s bajos del reconocimiento del valor a la<br \/>\nlegalidad en la historia moderna del pa\u00eds. Si la ley no es la ley, sino lo que<br \/>\nel Presidente dice o est\u00e1 dispuesto a cumplir, el texto de la protesta sexenal<br \/>\nes un ritual sin significado; es, simplemente, letra muerta. Y si nos atenemos<br \/>\na la manera en que muchos servidores p\u00fablicos \u2013comenzando por el propio<br \/>\nPresidente\u2013 han pasado por encima de la ley para promover la consulta de<br \/>\nrevocaci\u00f3n de mandato, las piezas encajan perfectamente.<\/p>\n<p>El mismo d\u00eda en que L\u00f3pez Obrador pon\u00eda en duda la<br \/>\nimportancia de la ley, la se\u00f1ora Maureen Amaro, madre de Hugo Carbajal \u2013el<br \/>\njoven asesinado en una fiesta, el fin de semana pasado en el Estado de M\u00e9xico\u2013,<br \/>\ndaba un ejemplo de respeto a la legalidad. Cuando acababa de entregarse a las<br \/>\nautoridades el presunto asesino de su hijo, ella pidi\u00f3 que el inculpado tuviese<br \/>\nun juicio justo, apegado al debido proceso, en el que pudiera defenderse, \u201ccomo<br \/>\nno pudo hacerlo Hugo, porque lo mataron a traici\u00f3n\u201d.<\/p>\n<p>La ley siempre debe ser la ley, lo que existe en su<br \/>\nausencia es la autocracia o la barbarie. Ante un servidor p\u00fablico que cree otra<br \/>\ncosa y lo lleva a cabo, lo \u00fanico que queda a los gobernados es aferrarse a las<br \/>\n12 palabras finales de la protesta constitucional: \u201cY si as\u00ed no lo hiciere, que<br \/>\nla Naci\u00f3n me lo demande\u201d.<\/p><\/p>\n","protected":false},"excerpt":{"rendered":"<p>Por: Pascal Beltr\u00e1n del R\u00edo.<\/p>\n","protected":false},"author":1127,"featured_media":36299,"comment_status":"open","ping_status":"open","sticky":false,"template":"","format":"standard","meta":{"tdm_status":"","tdm_grid_status":"","footnotes":""},"categories":[25],"tags":[],"_links":{"self":[{"href":"https:\/\/dralvarez.com.mx\/larevista\/wp-json\/wp\/v2\/posts\/21444"}],"collection":[{"href":"https:\/\/dralvarez.com.mx\/larevista\/wp-json\/wp\/v2\/posts"}],"about":[{"href":"https:\/\/dralvarez.com.mx\/larevista\/wp-json\/wp\/v2\/types\/post"}],"author":[{"embeddable":true,"href":"https:\/\/dralvarez.com.mx\/larevista\/wp-json\/wp\/v2\/users\/1127"}],"replies":[{"embeddable":true,"href":"https:\/\/dralvarez.com.mx\/larevista\/wp-json\/wp\/v2\/comments?post=21444"}],"version-history":[{"count":1,"href":"https:\/\/dralvarez.com.mx\/larevista\/wp-json\/wp\/v2\/posts\/21444\/revisions"}],"predecessor-version":[{"id":36298,"href":"https:\/\/dralvarez.com.mx\/larevista\/wp-json\/wp\/v2\/posts\/21444\/revisions\/36298"}],"wp:featuredmedia":[{"embeddable":true,"href":"https:\/\/dralvarez.com.mx\/larevista\/wp-json\/wp\/v2\/media\/36299"}],"wp:attachment":[{"href":"https:\/\/dralvarez.com.mx\/larevista\/wp-json\/wp\/v2\/media?parent=21444"}],"wp:term":[{"taxonomy":"category","embeddable":true,"href":"https:\/\/dralvarez.com.mx\/larevista\/wp-json\/wp\/v2\/categories?post=21444"},{"taxonomy":"post_tag","embeddable":true,"href":"https:\/\/dralvarez.com.mx\/larevista\/wp-json\/wp\/v2\/tags?post=21444"}],"curies":[{"name":"wp","href":"https:\/\/api.w.org\/{rel}","templated":true}]}}