{"id":21432,"date":"2022-04-18T00:00:00","date_gmt":"2022-04-18T06:00:00","guid":{"rendered":"https:\/\/dralvarez.com.mx\/larevista\/blog\/semana-santa-oportunidad-para-la-reflexion"},"modified":"2024-02-23T12:35:11","modified_gmt":"2024-02-23T18:35:11","slug":"semana-santa-oportunidad-para-la-reflexion","status":"publish","type":"post","link":"https:\/\/dralvarez.com.mx\/larevista\/opiniones\/semana-santa-oportunidad-para-la-reflexion","title":{"rendered":"Semana Santa, oportunidad para la reflexi\u00f3n"},"content":{"rendered":"<p><b>Editorial La Revista Peninsular<\/b><\/p>\n<\/p>\n<p>Lleg\u00f3 Semana Santa y con ella una oportunidad para<br \/>\nagradecer el sacrificio que hizo Dios por nosotros, as\u00ed como tambi\u00e9n lo mucho o<br \/>\npoco que tengamos dado lo complicado que ha sido el \u00faltimo par de a\u00f1os.<br \/>\nAsimismo, estas fechas nos brindan un espacio para reflexionar sobre lo que ha<br \/>\npasado y lo que est\u00e1 por pasar en el 2022, tanto en nuestras vidas, como en lo<br \/>\nsocial y lo pol\u00edtico.<\/p>\n<p>La Semana Santa es una de las fechas m\u00e1s importantes<br \/>\npara el cristianismo ya que conmemora la pasi\u00f3n, muerte y resurrecci\u00f3n de Jesucristo.<br \/>\nQuienes profesamos esta creencia, aprovechamos este tiempo sagrado para<br \/>\nagradecerle a Dios mediante oraciones, el sacrificio que hizo por nosotros y<br \/>\npor nuestros pecados pues gracias a \u00e9ste, tenemos la posibilidad de alcanzar la<br \/>\nvida eterna en su Reino.<\/p>\n<p>Debido a la trascendencia de esta fecha,<br \/>\nparticularmente en pa\u00edses donde predomina el catolicismo como religi\u00f3n, tambi\u00e9n<br \/>\nes una oportunidad de meditaci\u00f3n y agradecimiento para quienes no comparten estas<br \/>\ncreencias religiosas pues se abren espacios para la convivencia familiar y el<br \/>\ndescanso. Por las m\u00faltiples complicaciones que han surgido tras el inicio de la<br \/>\npandemia ocasionada por el COVID-19, estamos en buen momento para ser<br \/>\nagradecidos ya que, aunque a\u00fan hay graves problemas a nivel nacional y mundial,<br \/>\nla crisis de salud se ha mitigado lo suficiente como para darnos un respiro,<br \/>\nsin que esto signifique bajar la guardia.<\/p>\n<p>De igual manera, la Semana Santa nos permite tener un<br \/>\ntiempo de reflexi\u00f3n para digerir lo que ha pasado en nuestras vidas durante los<br \/>\nprimeros cuatro meses del 2022 y as\u00ed poder organizarnos mental y emocionalmente<br \/>\npara lo que viene.<\/p>\n<p>Este tiempo de reflexi\u00f3n no se limita a lo personal<br \/>\npues tambi\u00e9n en la vida pol\u00edtica y social hay mucho que pensar. Por ejemplo,<br \/>\nsolo en lo nacional, en lo que va del a\u00f1o hemos visto la inauguraci\u00f3n del<br \/>\naeropuerto Felipe \u00c1ngeles, el reportaje de la Casa Gris y la revocaci\u00f3n de<br \/>\nmandato; mientras que en los pr\u00f3ximos meses veremos sucesos de suma relevancia<br \/>\ncomo la discusi\u00f3n de las reformas el\u00e9ctrica y electoral, los comicios para<br \/>\nrenovar las gubernaturas en seis estados y, m\u00e1s recientemente, el aumento de<br \/>\ndesapariciones y feminicidios en el pa\u00eds lo cual comienza a provocar la<br \/>\norganizaci\u00f3n de manifestaciones para exigir justicia.<\/p>\n<p>Aprovechemos esta fecha tan importante para disfrutar<br \/>\na la familia, desarrollar nuestra espiritualidad, agradecer y prepararnos para<br \/>\nlo que viene. Desde La Revista Peninsular, les deseamos a todos nuestros<br \/>\nlectores una feliz Semana Santa y esperamos que puedan aprovecharla para rezar,<br \/>\nreflexionar, meditar y crecer.<\/p><\/p>\n","protected":false},"excerpt":{"rendered":"<p>Editorial La Revista Peninsular<\/p>\n","protected":false},"author":1111,"featured_media":36289,"comment_status":"open","ping_status":"open","sticky":false,"template":"","format":"standard","meta":{"tdm_status":"","tdm_grid_status":"","footnotes":""},"categories":[25],"tags":[],"_links":{"self":[{"href":"https:\/\/dralvarez.com.mx\/larevista\/wp-json\/wp\/v2\/posts\/21432"}],"collection":[{"href":"https:\/\/dralvarez.com.mx\/larevista\/wp-json\/wp\/v2\/posts"}],"about":[{"href":"https:\/\/dralvarez.com.mx\/larevista\/wp-json\/wp\/v2\/types\/post"}],"author":[{"embeddable":true,"href":"https:\/\/dralvarez.com.mx\/larevista\/wp-json\/wp\/v2\/users\/1111"}],"replies":[{"embeddable":true,"href":"https:\/\/dralvarez.com.mx\/larevista\/wp-json\/wp\/v2\/comments?post=21432"}],"version-history":[{"count":1,"href":"https:\/\/dralvarez.com.mx\/larevista\/wp-json\/wp\/v2\/posts\/21432\/revisions"}],"predecessor-version":[{"id":36288,"href":"https:\/\/dralvarez.com.mx\/larevista\/wp-json\/wp\/v2\/posts\/21432\/revisions\/36288"}],"wp:featuredmedia":[{"embeddable":true,"href":"https:\/\/dralvarez.com.mx\/larevista\/wp-json\/wp\/v2\/media\/36289"}],"wp:attachment":[{"href":"https:\/\/dralvarez.com.mx\/larevista\/wp-json\/wp\/v2\/media?parent=21432"}],"wp:term":[{"taxonomy":"category","embeddable":true,"href":"https:\/\/dralvarez.com.mx\/larevista\/wp-json\/wp\/v2\/categories?post=21432"},{"taxonomy":"post_tag","embeddable":true,"href":"https:\/\/dralvarez.com.mx\/larevista\/wp-json\/wp\/v2\/tags?post=21432"}],"curies":[{"name":"wp","href":"https:\/\/api.w.org\/{rel}","templated":true}]}}