{"id":21428,"date":"2022-04-18T00:00:00","date_gmt":"2022-04-18T06:00:00","guid":{"rendered":"https:\/\/dralvarez.com.mx\/larevista\/blog\/fotografia"},"modified":"2024-02-23T12:35:04","modified_gmt":"2024-02-23T18:35:04","slug":"fotografia","status":"publish","type":"post","link":"https:\/\/dralvarez.com.mx\/larevista\/opiniones\/fotografia","title":{"rendered":"Fotograf\u00eda"},"content":{"rendered":"<p><b><i>Se comenta solo&#8230;<\/i>, por: Carlos Ramos Padilla.*<\/b><\/p>\n<\/p>\n<p>\u00bfQu\u00e9 se logr\u00f3 con el movimiento de revocaci\u00f3n de mandato? Medir el fuerza electoral de Morena y el tama\u00f1o de su corrupci\u00f3n.<\/p>\n<p>L\u00f3pez Obrador volvi\u00f3 a su techo electoral del 2006 y 2012. Ya se estanc\u00f3 y por ello volvi\u00f3 a las mentiras y a la manipulaci\u00f3n.<\/p>\n<p>Acusa al INE de no instalar casillas suficientes, pues la mayor\u00eda operando estaban vac\u00edas y el 83% de la poblaci\u00f3n decidi\u00f3 no participar en este enga\u00f1o de la presidencia.<\/p>\n<p>La ca\u00edda notoria inici\u00f3 en la elecci\u00f3n intermedia de 2021 en donde Claudia Sheinbaum de la mano de Ren\u00e9 Bejarano y Morena perdieron la mitad de la votaci\u00f3n en la CDMX  y la oposici\u00f3n obtuvo nueve alcald\u00edas.  Incluso eso despert\u00f3 un marcado antagonismo y conflicto con Ricardo Monreal.<\/p>\n<p>Saben en presidencia que el voto obligado y  de inter\u00e9s marc\u00f3 la jornada.<\/p>\n<p>Se estima que el 53 por ciento de los 15 millones de votos que ratificaron a AMLO provino de los beneficiarios de programas sociales.<\/p>\n<p>El voto duro obradorista morenista alcanz\u00d3 realmente 7.3 millones de votos. Y todo esto se logr\u00f3 desnudando c\u00f3mo el Presidente, Secretario de Gobernaci\u00f3n, miembros del Gabinete, 18 gobernadores y dirigentes de Morena, usaron el poder del Estado, presupuesto y medios de transporte y difusi\u00f3n gubernamental para cometer irregularidades y convertirse en delincuentes electorales incluyendo el descarado acarreo que, incluso, provoc\u00f3 la muerte de dos personas en Chiapas luego que volc\u00f3 el veh\u00edculo en donde los obligaron a subirse.<\/p>\n<p>Y con toda esta maquinaria no lograron alcanzar sus pron\u00f3sticos.<\/p>\n<p>Ahora de la manera m\u00e1s intr\u00e9pida, torpe e impulsiva pretenden manejar calendarios legislativos para aprobar sus reformas electorales, energ\u00e9tica y el\u00e9ctrica.<\/p>\n<p>Han llamado incluso a pretender decisiones legislativas en domingo de resurrecci\u00f3n.<\/p>\n<p>El laboratorio de elecciones intermedias, juicio a ex presidentes y revocaci\u00f3n de mandato le dej\u00f3 en claro a AMLO por qu\u00e9 no ganaba elecciones en 18 a\u00f1os y por que ahora con su gobierno cada d\u00eda pierde m\u00e1s aceptaci\u00f3n.<\/p>\n<p><b>*Conductor del programa VaEnSerio mexiquensetv canal 34.2 izzi 135<\/b><\/p>\n<p><\/p><\/p>\n","protected":false},"excerpt":{"rendered":"<p>Se comenta solo&#8230;<\/p>\n","protected":false},"author":1168,"featured_media":36286,"comment_status":"open","ping_status":"open","sticky":false,"template":"","format":"standard","meta":{"tdm_status":"","tdm_grid_status":"","footnotes":""},"categories":[25],"tags":[],"_links":{"self":[{"href":"https:\/\/dralvarez.com.mx\/larevista\/wp-json\/wp\/v2\/posts\/21428"}],"collection":[{"href":"https:\/\/dralvarez.com.mx\/larevista\/wp-json\/wp\/v2\/posts"}],"about":[{"href":"https:\/\/dralvarez.com.mx\/larevista\/wp-json\/wp\/v2\/types\/post"}],"author":[{"embeddable":true,"href":"https:\/\/dralvarez.com.mx\/larevista\/wp-json\/wp\/v2\/users\/1168"}],"replies":[{"embeddable":true,"href":"https:\/\/dralvarez.com.mx\/larevista\/wp-json\/wp\/v2\/comments?post=21428"}],"version-history":[{"count":1,"href":"https:\/\/dralvarez.com.mx\/larevista\/wp-json\/wp\/v2\/posts\/21428\/revisions"}],"predecessor-version":[{"id":36285,"href":"https:\/\/dralvarez.com.mx\/larevista\/wp-json\/wp\/v2\/posts\/21428\/revisions\/36285"}],"wp:featuredmedia":[{"embeddable":true,"href":"https:\/\/dralvarez.com.mx\/larevista\/wp-json\/wp\/v2\/media\/36286"}],"wp:attachment":[{"href":"https:\/\/dralvarez.com.mx\/larevista\/wp-json\/wp\/v2\/media?parent=21428"}],"wp:term":[{"taxonomy":"category","embeddable":true,"href":"https:\/\/dralvarez.com.mx\/larevista\/wp-json\/wp\/v2\/categories?post=21428"},{"taxonomy":"post_tag","embeddable":true,"href":"https:\/\/dralvarez.com.mx\/larevista\/wp-json\/wp\/v2\/tags?post=21428"}],"curies":[{"name":"wp","href":"https:\/\/api.w.org\/{rel}","templated":true}]}}