{"id":21420,"date":"2022-04-18T00:00:00","date_gmt":"2022-04-18T06:00:00","guid":{"rendered":"https:\/\/dralvarez.com.mx\/larevista\/blog\/si-esta-sola"},"modified":"2024-02-23T12:34:33","modified_gmt":"2024-02-23T18:34:33","slug":"si-esta-sola","status":"publish","type":"post","link":"https:\/\/dralvarez.com.mx\/larevista\/opiniones\/si-esta-sola","title":{"rendered":"S\u00ed, est\u00e1 sola&#8230;"},"content":{"rendered":"<\/p>\n<p><b><i>Se comenta solo&#8230;<\/i>, por: Carlos Ramos Padilla.*<\/b><\/p>\n<p>Se frotan las manos los contrincantes de Sheinbaum para probables candidaturas de Morena como Marcelo Ebrard, Ricardo Monreal, Ad\u00e1n Augusto L\u00f3pez y hasta Andr\u00e9s L\u00f3pez Beltr\u00e1n.<\/p>\n<p>Sheinbaum ligada a Ren\u00e9 Bejarano no \u00fanicamente perdi\u00f3 la mitad de la CDMX en las recientes elecciones intermedias, sino que su aceptaci\u00f3n ha ca\u00eddo en un 13%.<\/p>\n<p>Adem\u00e1s, el 53% se muestra insatisfecho con los resultados en su gobierno, en pocas palabras para la mayor\u00eda de los capitalinos no est\u00e1 cumpliendo con las expectativas ni con los satisfactores obligados.<\/p>\n<p>El 60% afirma estar mal o muy mal en sus condiciones econ\u00f3micas (econom\u00eda y seguridad los peores sectores), en seguridad el 72% reprueba su gesti\u00f3n, el desempleo est\u00e1 creciendo, pero tambi\u00e9n el comercio informal y la anarqu\u00eda en el transporte p\u00fablico.<\/p>\n<p>Por si fuera poco, la mayor\u00eda de los habitantes de la CDMX considera que emplea m\u00e1s el tiempo en su promoci\u00f3n pol\u00edtica para buscar la candidatura presidencial, un 51%, que en cumplir con sus responsabilidades.<\/p>\n<p>Queda. Pendientes los temas del Colegio R\u00e9bsamen y el desplome de un tramo de la L\u00ednea 12.<\/p>\n<p>Y en nada le ayud\u00f3 el discurso provocador en la inauguraci\u00f3n del AIFA (en donde por cierto meses antes se prest\u00f3 al enga\u00f1o de viajar en trenecito con AMLO para supervisar las obras de la terminal a\u00e9rea), la manifestaci\u00f3n en el Monumento a la Revoluci\u00f3n llamando a participar en la jornada de Revocaci\u00f3n de Mandato y aprovechando para presionar a la aprobaci\u00f3n de la Reforma El\u00e9ctrica y a la comprobaci\u00f3n de del acarreo de miles de personas para manifestaciones y acceso a las urnas.<\/p>\n<p>Mucho repudio se gan\u00f3 de las mujeres al bloquearles y entorpecer sus manifestaciones y cercar Palacio Nacional.<\/p>\n<p>Dice AMLO que Claudia no est\u00e1 sola ni cuando tiene que responder por los secuestros en la capital pero se le ve desesperada, perdedora y m\u00e1s sola que nunca, con su lastre Marti Batres.<\/p><\/p>\n","protected":false},"excerpt":{"rendered":"<p>Se comenta solo&#8230;, por: Carlos Ramos Padilla.*<\/p>\n","protected":false},"author":1168,"featured_media":36278,"comment_status":"open","ping_status":"open","sticky":false,"template":"","format":"standard","meta":{"tdm_status":"","tdm_grid_status":"","footnotes":""},"categories":[25],"tags":[],"_links":{"self":[{"href":"https:\/\/dralvarez.com.mx\/larevista\/wp-json\/wp\/v2\/posts\/21420"}],"collection":[{"href":"https:\/\/dralvarez.com.mx\/larevista\/wp-json\/wp\/v2\/posts"}],"about":[{"href":"https:\/\/dralvarez.com.mx\/larevista\/wp-json\/wp\/v2\/types\/post"}],"author":[{"embeddable":true,"href":"https:\/\/dralvarez.com.mx\/larevista\/wp-json\/wp\/v2\/users\/1168"}],"replies":[{"embeddable":true,"href":"https:\/\/dralvarez.com.mx\/larevista\/wp-json\/wp\/v2\/comments?post=21420"}],"version-history":[{"count":1,"href":"https:\/\/dralvarez.com.mx\/larevista\/wp-json\/wp\/v2\/posts\/21420\/revisions"}],"predecessor-version":[{"id":36277,"href":"https:\/\/dralvarez.com.mx\/larevista\/wp-json\/wp\/v2\/posts\/21420\/revisions\/36277"}],"wp:featuredmedia":[{"embeddable":true,"href":"https:\/\/dralvarez.com.mx\/larevista\/wp-json\/wp\/v2\/media\/36278"}],"wp:attachment":[{"href":"https:\/\/dralvarez.com.mx\/larevista\/wp-json\/wp\/v2\/media?parent=21420"}],"wp:term":[{"taxonomy":"category","embeddable":true,"href":"https:\/\/dralvarez.com.mx\/larevista\/wp-json\/wp\/v2\/categories?post=21420"},{"taxonomy":"post_tag","embeddable":true,"href":"https:\/\/dralvarez.com.mx\/larevista\/wp-json\/wp\/v2\/tags?post=21420"}],"curies":[{"name":"wp","href":"https:\/\/api.w.org\/{rel}","templated":true}]}}