{"id":21408,"date":"2022-04-12T00:00:00","date_gmt":"2022-04-12T06:00:00","guid":{"rendered":"https:\/\/dralvarez.com.mx\/larevista\/blog\/los-hijos-preferidos-de-la-virgen"},"modified":"2024-02-23T12:33:53","modified_gmt":"2024-02-23T18:33:53","slug":"los-hijos-preferidos-de-la-virgen","status":"publish","type":"post","link":"https:\/\/dralvarez.com.mx\/larevista\/opiniones\/los-hijos-preferidos-de-la-virgen","title":{"rendered":"Los hijos preferidos de la Virgen&#8230;"},"content":{"rendered":"<p><b>Por: Cristina Pad\u00edn.<\/b><\/p>\n<p>Dicen que nuestra Madre en el cielo besa a cada uno de sus hijos cada noche y en cada amanecer. Es, como toda madre, cari\u00f1osa. Y tambi\u00e9n sabia e intuitiva. Quiere a todos sus hijos por igual\u2026 pero algunos de ellos son un poco m\u00e1s especiales para Mar\u00eda. Para la Virgen Mar\u00eda. Y no son ellos los que m\u00e1s presumen, ni los que m\u00e1s tienen, ni los de mayor arrogancia. No!<\/p>\n<p>Son aquellos que, m\u00e1s d\u00e9biles por alguna complicaci\u00f3n, necesitan m\u00e1s amor. Los que, por una enfermedad o accidente, se hallan en una situaci\u00f3n delicada. La Virgen los atiende a todos, como cualquier madre, y no deja caer a ninguno.<\/p>\n<p>Uno de los hijos preferidos de la Virgen es Luis. Es sevillano, no habla y lo dice todo, no camina y siempre llega a todas partes. Es la mirada de Dios, es mirada limpia, es puro, un ni\u00f1o, sonr\u00ede a cada rato con su sonrisa noble, es como un \u00e1ngel de cabello ensortijado y sangre andaluza. No se queja y es fuerte, es cari\u00f1oso, amigo, hermano, hijo, sobrino. Es Luis. Y va por Luis la semana.<\/p>\n<p>Otro de los hijos preferidos de la Virgen ayer, porque los cuidados a veces se requieren toda la vida y otras durante unas horas, es torero. Porque la Virgen es taurina y protege a los que hacen lances. Ese hijo es Emilio de Justo, convaleciente ya de lo que pudo ser tremendo. La valent\u00eda gan\u00f3 la tarde\u2026 y ahora el matador precisa tiempo y tiempos. Pronta recuperaci\u00f3n..<\/p>\n<p>Y otro hijo preferido de la Virgen ayer fue \u00c1lvaro de la Calle. Humildad y verdad sobre la arena de Las Ventas. Sobre todo una lecci\u00f3n de saber ser y de saber estar que no supo ver Mar\u00eda. Porque lo ve todo. \u00c1lvaro, sin ruido, hizo sonido\u2026<\/p>\n<p>Dicen tambi\u00e9n (y yo s\u00e9 que es verdad) que nuestra Madre en el cielo est\u00e1 al lado de las gentes del mar.. principalmente de las que tanto est\u00e1n sufriendo estas semanas..<\/p>\n<p>A la Virgen Mar\u00eda<br \/>A mi querido Luis y su familia<br \/>A mi Sevilla<br \/>A las emociones<br \/>A Emilio de Justo<br \/>A mi amiga Rosario<br \/>A Albriux<br \/>A Manuel<br \/>A \u00c1lvaro de la Calle<br \/>A la valent\u00eda<br \/>Al toreo, que es pura verdad<br \/>Y a la verdad<\/p>\n","protected":false},"excerpt":{"rendered":"<p>Por: Cristina Pad\u00edn.<\/p>\n","protected":false},"author":1025,"featured_media":36268,"comment_status":"open","ping_status":"open","sticky":false,"template":"","format":"standard","meta":{"tdm_status":"","tdm_grid_status":"","footnotes":""},"categories":[25],"tags":[],"_links":{"self":[{"href":"https:\/\/dralvarez.com.mx\/larevista\/wp-json\/wp\/v2\/posts\/21408"}],"collection":[{"href":"https:\/\/dralvarez.com.mx\/larevista\/wp-json\/wp\/v2\/posts"}],"about":[{"href":"https:\/\/dralvarez.com.mx\/larevista\/wp-json\/wp\/v2\/types\/post"}],"author":[{"embeddable":true,"href":"https:\/\/dralvarez.com.mx\/larevista\/wp-json\/wp\/v2\/users\/1025"}],"replies":[{"embeddable":true,"href":"https:\/\/dralvarez.com.mx\/larevista\/wp-json\/wp\/v2\/comments?post=21408"}],"version-history":[{"count":1,"href":"https:\/\/dralvarez.com.mx\/larevista\/wp-json\/wp\/v2\/posts\/21408\/revisions"}],"predecessor-version":[{"id":36267,"href":"https:\/\/dralvarez.com.mx\/larevista\/wp-json\/wp\/v2\/posts\/21408\/revisions\/36267"}],"wp:featuredmedia":[{"embeddable":true,"href":"https:\/\/dralvarez.com.mx\/larevista\/wp-json\/wp\/v2\/media\/36268"}],"wp:attachment":[{"href":"https:\/\/dralvarez.com.mx\/larevista\/wp-json\/wp\/v2\/media?parent=21408"}],"wp:term":[{"taxonomy":"category","embeddable":true,"href":"https:\/\/dralvarez.com.mx\/larevista\/wp-json\/wp\/v2\/categories?post=21408"},{"taxonomy":"post_tag","embeddable":true,"href":"https:\/\/dralvarez.com.mx\/larevista\/wp-json\/wp\/v2\/tags?post=21408"}],"curies":[{"name":"wp","href":"https:\/\/api.w.org\/{rel}","templated":true}]}}