{"id":21392,"date":"2022-04-12T00:00:00","date_gmt":"2022-04-12T06:00:00","guid":{"rendered":"https:\/\/dralvarez.com.mx\/larevista\/blog\/controversia"},"modified":"2024-02-23T12:33:14","modified_gmt":"2024-02-23T18:33:14","slug":"controversia","status":"publish","type":"post","link":"https:\/\/dralvarez.com.mx\/larevista\/opiniones\/controversia","title":{"rendered":"Controversia"},"content":{"rendered":"<p><b><i>Se comenta solo&#8230;<\/i>, por: Carlos Ramos Padilla.*<\/b><\/p>\n<\/p>\n<p>De nuevo acabamos confrontados, indecisos, radical\u00edzalos. No me atrevo a definir si el reciente ejercicio de revocaci\u00f3n\/ratificaci\u00f3n fue un \u00e9xito o un fracaso. Pero si puedo determinar que se trat\u00f3 de un evento irregular, manipulado, incierto y cargado de confusi\u00f3n.<\/p>\n<p>Votar o no votar, votar para que se vaya, votar para que se quede, participar para hacer v\u00e1lido el proceso, la abstenci\u00f3n como una decisi\u00f3n, una herramienta, reconocido. Es un error pol\u00edtico suicida atacar al INE aun antes de llevarse a cabo la consulta. Fue millonario el gasto para que Morena midiera fuerzas para el 2024.<\/p>\n<p>La oposici\u00f3n mostr\u00f3 falta de imaginaci\u00f3n y participaci\u00f3n. Morena exager\u00f3 en irregularidades. El pa\u00eds no merec\u00eda este millonario gasto sobre las necesidades y prioridades de la naci\u00f3n. Los ataques en redes sociales fueron constantes. No hubo disciplina en la operaci\u00f3n de respeto a la ciudadan\u00eda. El c\u00famulo de irregularidades ponen a prueba al Estado de Derecho.<\/p>\n<p>No cambia nada fundamental en el pa\u00eds porque los problemas fundam\u00e9nteles persisten, ah\u00ed est\u00e1n y no se han resuelto. Digan lo que digan Mexico no necesita involucrarse en revocaciones sino buscar afianzar a sus instituciones, fortalecer al INE, debatir con argumentos, consolidar a los tres poderes que dan consistencia a la Republica.<\/p>\n<p>Lo cierto es que se han presentado dos procesos que no respondieron al inter\u00e9s del presidente; el juicio a los expresidentes y ahora afianzar su popularidad. Necesitamos innovarnos, cambiar nuestras frivolidades por programas de avanzada. Viene la aprobaci\u00f3n de reformas el\u00e9ctrica y electoral y eso es importante, es de trascendencia.<\/p>\n<p>En Jalisco y Michoac\u00e0n se registraron momentos de violencia inaceptables. Y con estos antecedentes no podemos decir que nos estamos preparando para el 2024. Falto participaci\u00f3n ciudadana en todos sentidos. Este ensayo, para muchos laboratorio, mostr\u00f3 su carencia de fuerza, de credibilidad y de consistencia.<\/p>\n<p><b>*Conductor del programa VaEnSerio mexiquense tv canal 34.2 izzi 135<\/b><\/p>\n<p><\/p>\n","protected":false},"excerpt":{"rendered":"<p>Se comenta solo&#8230;<\/p>\n","protected":false},"author":1168,"featured_media":36256,"comment_status":"open","ping_status":"open","sticky":false,"template":"","format":"standard","meta":{"tdm_status":"","tdm_grid_status":"","footnotes":""},"categories":[25],"tags":[],"_links":{"self":[{"href":"https:\/\/dralvarez.com.mx\/larevista\/wp-json\/wp\/v2\/posts\/21392"}],"collection":[{"href":"https:\/\/dralvarez.com.mx\/larevista\/wp-json\/wp\/v2\/posts"}],"about":[{"href":"https:\/\/dralvarez.com.mx\/larevista\/wp-json\/wp\/v2\/types\/post"}],"author":[{"embeddable":true,"href":"https:\/\/dralvarez.com.mx\/larevista\/wp-json\/wp\/v2\/users\/1168"}],"replies":[{"embeddable":true,"href":"https:\/\/dralvarez.com.mx\/larevista\/wp-json\/wp\/v2\/comments?post=21392"}],"version-history":[{"count":1,"href":"https:\/\/dralvarez.com.mx\/larevista\/wp-json\/wp\/v2\/posts\/21392\/revisions"}],"predecessor-version":[{"id":36255,"href":"https:\/\/dralvarez.com.mx\/larevista\/wp-json\/wp\/v2\/posts\/21392\/revisions\/36255"}],"wp:featuredmedia":[{"embeddable":true,"href":"https:\/\/dralvarez.com.mx\/larevista\/wp-json\/wp\/v2\/media\/36256"}],"wp:attachment":[{"href":"https:\/\/dralvarez.com.mx\/larevista\/wp-json\/wp\/v2\/media?parent=21392"}],"wp:term":[{"taxonomy":"category","embeddable":true,"href":"https:\/\/dralvarez.com.mx\/larevista\/wp-json\/wp\/v2\/categories?post=21392"},{"taxonomy":"post_tag","embeddable":true,"href":"https:\/\/dralvarez.com.mx\/larevista\/wp-json\/wp\/v2\/tags?post=21392"}],"curies":[{"name":"wp","href":"https:\/\/api.w.org\/{rel}","templated":true}]}}