{"id":21390,"date":"2022-04-12T00:00:00","date_gmt":"2022-04-12T06:00:00","guid":{"rendered":"https:\/\/dralvarez.com.mx\/larevista\/blog\/a-56-anos-de-su-fundacion-radio-universidad-es-hoy-un-coto-de-poder"},"modified":"2024-02-23T12:33:09","modified_gmt":"2024-02-23T18:33:09","slug":"a-56-anos-de-su-fundacion-radio-universidad-es-hoy-un-coto-de-poder","status":"publish","type":"post","link":"https:\/\/dralvarez.com.mx\/larevista\/opiniones\/a-56-anos-de-su-fundacion-radio-universidad-es-hoy-un-coto-de-poder","title":{"rendered":"A 56 a\u00f1os de su fundaci\u00f3n\u2026  Radio Universidad es hoy un coto de poder"},"content":{"rendered":"<p><b>Por: Marco A. Cortez N. y Francisco Chi Lavadores.<\/b><\/p>\n<\/p>\n<p>Pues resulta que leo un art\u00edculo publicado por mi<br \/>\namigo y colega Francisco Chi Lavadores en sus redes sociales recordando que hoy<br \/>\nmi\u00e9rcoles 6 de abril Radio Universidad Aut\u00f3noma de Yucat\u00e1n cumpli\u00f3 56 a\u00f1os de<br \/>\nfundaci\u00f3n.<\/p>\n<p>Paco rememor\u00f3 que fue un viernes 6 de abril de 1966<br \/>\ncuando XERUY sali\u00f3 al aire por primera vez gracias a la iniciativa de un grupo<br \/>\nde estudiantes de la entonces Universidad de Yucat\u00e1n (UDY), movidos por el af\u00e1n<br \/>\nde que la casa de estudios tenga un medio para difundir al exterior todo lo<br \/>\nrelacionado con su raz\u00f3n de ser: Educaci\u00f3n, Ciencia y Cultura.<\/p>\n<p>En su texto el colega cit\u00f3 al director fundador,<br \/>\nHern\u00e1n Ram\u00edrez Coello, quien coordin\u00f3 la iniciativa estudiantil ante el rector<br \/>\nde entonces, Francisco Repetto Mil\u00e1n.<\/p>\n<p>Don Francisco destin\u00f3 la azotea del edificio central<br \/>\nde la instituci\u00f3n para ubicar oficinas y estudios y luego de varias pruebas se<br \/>\nfij\u00f3 el 6 de abril de 1966 para empezar las labores en dos horarios cotidianos,<br \/>\nde las 10 a las 13 horas y de las 18 a las 21 horas, los siete d\u00edas de la<br \/>\nsemana.<\/p>\n<p>Un tema fundamental es que como bien dice Chi<br \/>\nLavadores los estudiantes involucrados no devengaban pago alguno por su<br \/>\ntrabajo, lo hac\u00edan por el gusto de servir a la comunidad universitaria y a la<br \/>\nsociedad en general, con una barra compuesta por m\u00fasica yucateca, popular y<br \/>\ncl\u00e1sica, entre otras cosas.<\/p>\n<p>Y fue en 1972 cuando Luis Echeverr\u00eda Alvarez,<br \/>\npresidente de M\u00e9xico, visit\u00f3 el edificio central para recibir el t\u00edtulo de<br \/>\nDoctor Honoris Causa y en este contexto Nora Fanny Lizarraga Cetina, se acerc\u00f3<br \/>\nal mandatario y le pidi\u00f3 su ayuda para obtener un transmisor nuevo, profesional<br \/>\ny de mil watts de potencia.<\/p>\n<p>Como respuesta y haciendo honor a su eslogan de<br \/>\n\u201cArriba y adelante\u201d Echeverr\u00eda accedi\u00f3 y como resultado fue que poco tiempo<br \/>\ndespu\u00e9s la Secretar\u00eda de Comunicaciones y Transportes (SCT) envi\u00f3 un transmisor<br \/>\nRCA y al mismo tiempo se remodelaron las instalaciones vigentes hasta el d\u00eda de<br \/>\nhoy.<\/p>\n<p>A\u00f1os despu\u00e9s ya con Alvaro J. Mimenza Cuevas en la<br \/>\nrector\u00eda, la radio universitaria inici\u00f3 transmisiones en Frecuencia Modulada con<br \/>\nel distintivo de llamada XHRUY en 103.9 Megaciclos.<\/p>\n<p>Fue precisamente con Mimenza -art\u00edfice de la Autonom\u00eda<br \/>\nde Derecho- cuando los colaboradores de la Radio Universitaria comenzaron a<br \/>\nrecibir un salario, profesionalizando al fin a quienes dieron a\u00f1os de su vida<br \/>\nsin cobrar un solo peso a cambio de ello.<\/p>\n<p>De igual manera, desde 1982 se difunde de manera<br \/>\nsimult\u00e1nea la misma programaci\u00f3n de FM en AM a trav\u00e9s de los 1120 Kilohertz<br \/>\ndesde M\u00e9rida y a\u00f1os m\u00e1s tarde se instal\u00f3 una repetidora de FM en la ciudad de<br \/>\nTizim\u00edn que opera en 94.5 Megahertz. Hay el permiso de la SCT para operar otra<br \/>\nrepetidora en la ciudad de Motul, pero hasta hoy esto se ha quedado solamente<br \/>\nen un sue\u00f1o.<\/p>\n<p>Bajo la administraci\u00f3n del actual Rector, Dr. Jos\u00e9 de<br \/>\nJes\u00fas Williams y al cabo de 56 a\u00f1os de existir, XERUY \/ XHRUY est\u00e1 en una edad<br \/>\nmadura, pero enfrenta adversidades, sobre todo de tipo econ\u00f3mico, que le<br \/>\nimpiden cumplir con muchos planes y proyectos, por ejemplo, los transmisores de<br \/>\nAM y FM son demasiado viejos, ya rebasaron su vida \u00fatil.<\/p>\n<p>En febrero de 2018 el Consejo Universitario aprob\u00f3<br \/>\ncrear un Consejo Ciudadano para normar las actividades de XERUY \/ XHRUY,<br \/>\nintegrado por tres elementos con amplia experiencia y trayectoria en<br \/>\nradiodifusi\u00f3n y esta responsabilidad recay\u00f3 en los Ings. Bernardo Laris<br \/>\nRodr\u00edguez, Francisco Chi Lavadores y Rafael Rivas Polanco, los cuales<br \/>\nterminaron su encargo en febrero de 2020.<\/p>\n<p>Ellos elaboraron un amplio diagn\u00f3stico de la emisora<br \/>\ncultural de la UADY, que presentaron al Rector Williams, pero los tres<br \/>\ncoincidieron en opinar que la radio est\u00e1 secuestrada por dos personas que la<br \/>\ntienen como coto de poder so pretexto de poseer derechos de antig\u00fcedad y desde<br \/>\nla direcci\u00f3n de la misma no se permite refrescar la producci\u00f3n con una<br \/>\nprogramaci\u00f3n m\u00e1s \u00e1gil e interesante, al igual que las condiciones de trabajo,<br \/>\nsituaci\u00f3n que compete resolver exclusivamente a la Rector\u00eda.<\/p>\n<p>Los fundadores de Radio Universidad Aut\u00f3noma de<br \/>\nYucat\u00e1n son: Dr. Hern\u00e1n \u201cGato\u201d Ram\u00edrez Lor\u00eda, Dr. Miguel Angel Chi Lavadores,<br \/>\nC.D. Jorge Augusto Chan Medina, C.P. Benjam\u00edn Conde Caballero, Abogado Jorge<br \/>\nPeniche Aznar, C.P. Juan Felipe L\u00f3pez Rodr\u00edguez y Dr. Jos\u00e9 Alberto Marrufo<br \/>\nRam\u00edrez.<\/p>\n<p>Tambi\u00e9n: Dr. Ermilo V\u00e1zquez Moguel (+), Dr. Jos\u00e9 Ren\u00e9<br \/>\nCruz Encalada (+), I.Q. Nora Fanny Lizarraga Cetina, Dr. Fernando L\u00f3pez Becerra,<br \/>\nQ.F.B. Angel Peraza Cetina (+), Abogada Irma Ti\u00f3 Reyes, Jos\u00e9 Genaro \u201cChuby\u201d<br \/>\nGonz\u00e1lez Murillo, Abogado Jorge Sol\u00eds Mat\u00fa (+) y Emilio Berny Castilla.<\/p>\n<p>Los directores: Dr. Hern\u00e1n \u201cGato\u201d Ram\u00edrez Coello (+)<br \/>\n(1966), Dr. Eduardo Jos\u00e9 Tello Sol\u00eds (+) (1976), C.P. Mar\u00eda Teresa Mendoza<br \/>\nFern\u00e1ndez (1977), Dr. Hern\u00e1n \u201cGato\u201d Ram\u00edrez Lor\u00eda (1982), Antrop\u00f3logo Irving<br \/>\nGamaliel Berl\u00edn Villafa\u00f1a (1991), Licda. Mar\u00eda Cecilia Zavala Alcocer (1999),<br \/>\nMaestro Jos\u00e9 Luis Dom\u00ednguez Castro (2003), Dr. Francisco Fern\u00e1ndez Repetto<br \/>\n(2007) y Licda. Mar\u00eda Cecilia Zavala Alcocer (2007 hasta la fecha).<\/p><\/p>\n","protected":false},"excerpt":{"rendered":"<p>Por: Marco A. Cortez N. y Francisco Chi Lavadores.<\/p>\n","protected":false},"author":1124,"featured_media":36254,"comment_status":"open","ping_status":"open","sticky":false,"template":"","format":"standard","meta":{"tdm_status":"","tdm_grid_status":"","footnotes":""},"categories":[25],"tags":[],"_links":{"self":[{"href":"https:\/\/dralvarez.com.mx\/larevista\/wp-json\/wp\/v2\/posts\/21390"}],"collection":[{"href":"https:\/\/dralvarez.com.mx\/larevista\/wp-json\/wp\/v2\/posts"}],"about":[{"href":"https:\/\/dralvarez.com.mx\/larevista\/wp-json\/wp\/v2\/types\/post"}],"author":[{"embeddable":true,"href":"https:\/\/dralvarez.com.mx\/larevista\/wp-json\/wp\/v2\/users\/1124"}],"replies":[{"embeddable":true,"href":"https:\/\/dralvarez.com.mx\/larevista\/wp-json\/wp\/v2\/comments?post=21390"}],"version-history":[{"count":1,"href":"https:\/\/dralvarez.com.mx\/larevista\/wp-json\/wp\/v2\/posts\/21390\/revisions"}],"predecessor-version":[{"id":36253,"href":"https:\/\/dralvarez.com.mx\/larevista\/wp-json\/wp\/v2\/posts\/21390\/revisions\/36253"}],"wp:featuredmedia":[{"embeddable":true,"href":"https:\/\/dralvarez.com.mx\/larevista\/wp-json\/wp\/v2\/media\/36254"}],"wp:attachment":[{"href":"https:\/\/dralvarez.com.mx\/larevista\/wp-json\/wp\/v2\/media?parent=21390"}],"wp:term":[{"taxonomy":"category","embeddable":true,"href":"https:\/\/dralvarez.com.mx\/larevista\/wp-json\/wp\/v2\/categories?post=21390"},{"taxonomy":"post_tag","embeddable":true,"href":"https:\/\/dralvarez.com.mx\/larevista\/wp-json\/wp\/v2\/tags?post=21390"}],"curies":[{"name":"wp","href":"https:\/\/api.w.org\/{rel}","templated":true}]}}