{"id":21374,"date":"2022-04-11T00:00:00","date_gmt":"2022-04-11T06:00:00","guid":{"rendered":"https:\/\/dralvarez.com.mx\/larevista\/blog\/chispazo-2"},"modified":"2024-02-23T12:32:38","modified_gmt":"2024-02-23T18:32:38","slug":"chispazo-2","status":"publish","type":"post","link":"https:\/\/dralvarez.com.mx\/larevista\/opiniones\/chispazo-2","title":{"rendered":"Chispazo"},"content":{"rendered":"<p><b><i>Se comenta solo&#8230;<\/i>, por: Carlos Ramos Padilla.*<\/b><\/p>\n<p><b>Correo: car260857@hotmail.com<\/b><br \/><b>@cramospadilla<\/b><\/p>\n<\/p>\n<p>Estados Unidos, su gobierno y Ricardo Monreal son y<br \/>\nser\u00e1n los obst\u00e1culos m\u00e1s s\u00f3lidos para la Reforma El\u00e9ctrica, una propuesta<br \/>\ngubernamental que no tiene nada de \u201creforma\u201d y parece acabar en un chispazo.<\/p>\n<p>En su intervenci\u00f3n en la sesi\u00f3n del Pleno de la<br \/>\nSuprema Corte y en el marco de la discusi\u00f3n de las modificaciones a la Ley de<br \/>\nla Industria El\u00e9ctrica, la ministra Yasm\u00edn Esquivel, determin\u00f3 que de la<br \/>\nfracci\u00f3n I del art\u00edculo Vig\u00e9simo transitorio del decreto de reforma<br \/>\nconstitucional de 2013, deriva la obligaci\u00f3n del Congreso de la Uni\u00f3n.<\/p>\n<p>\u201c\u2026de realizar las adecuaciones al marco jur\u00eddico para<br \/>\nregular a las empresas productivas del Estado, entre las cuales se encuentra la<br \/>\nCFE, para establecer que su objeto sea la creaci\u00f3n de valor econ\u00f3mico e<br \/>\nincrementar los ingresos de la Naci\u00f3n, con sentido de equidad y responsabilidad<br \/>\nsocial y ambiental. Ello es un mandato del Constituyente que no debe quedar<br \/>\nsimplemente en una mera aspiraci\u00f3n, prop\u00f3sito o intenci\u00f3n de establecer como<br \/>\nuno de los fines de la CFE la generaci\u00f3n de rendimientos. Esta no es una<br \/>\ndisposici\u00f3n simplemente program\u00e1tica, debe llevarse al terreno de los hechos\u201d.<\/p>\n<p>No obstante, las visitas a nuestro pa\u00eds del enviado<br \/>\nespecial de la Casa Blanca para el cambio clim\u00e1tico, John Kerry, se registran<br \/>\ncon m\u00e1s frecuencia ocupado y preocupado en el mercado abierto y competitivo,<br \/>\npero m\u00e1s a\u00fan, en revisar, conjuntamente, la determinaci\u00f3n de emplear f\u00f3siles<br \/>\npara la generaci\u00f3n de electricidad y poco la aplicaci\u00f3n de proyectos renovables<br \/>\ny sustentables.<\/p>\n<p>John Kerry, inform\u00f3 que la Casa Blanca seguir\u00e1 de<br \/>\ncerca la discusi\u00f3n de la pol\u00e9mica y cuestionada reforma el\u00e9ctrica. Kerry, junto<br \/>\ncon el embajador de Estados Unidos en M\u00e9xico, Ken Salazar y un grupo de<br \/>\nempresarios estadounidenses, se reunieron en Palacio Nacional con AMLO y<br \/>\nfuncionarios del Gobierno.<\/p>\n<p>El tema de la reforma energ\u00e9tica est\u00e1 sobre la mesa en<br \/>\nM\u00e9xico y planteamos con nuestro embajador, Ken Salazar, ideas de c\u00f3mo esa<br \/>\nreforma reflejar\u00e1 mejor los temas para avanzar de manera efectiva (\u2026) formamos<br \/>\nnuestro equipo, con Ken y la Casa Blanca para tratar de asegurar todo lo que<br \/>\nsurja de la reforma energ\u00e9tica\u201d, declar\u00f3 Kerry.<\/p>\n<p>Y se sabe que del otro lado de la frontera hay<br \/>\nmalestar pero inconformidad, incluso en Texas han calificado de \u201chostil\u201d al<br \/>\nmedio ambiente al gobierno de M\u00e9xico. La propuesta mexicana es controvertida<br \/>\ndebido a que limitar\u00eda al 46% la participaci\u00f3n privada en generaci\u00f3n el\u00e9ctrica<br \/>\npara favorecer a la Comisi\u00f3n Federal de Electricidad, empresa del Estado.<\/p>\n<p>Adem\u00e1s, eliminar\u00eda los reguladores aut\u00f3nomos de<br \/>\nenerg\u00eda, revisar\u00eda contratos previos y priorizar\u00eda a las plantas f\u00f3siles de CFE<br \/>\nsobre las renovables de privados. De igual forma los extranjeros del norte ven<br \/>\na distancia la participaci\u00f3n de Manuel Bartlett por sus antecedentes pol\u00edticos<br \/>\ny biogr\u00e1ficos lo mismo que a la secretaria de energ\u00eda, Roc\u00edo Nahle, quien por<br \/>\nsu cercan\u00eda a AMLO la obliga a defender la construcci\u00f3n de la refiner\u00eda de Dos<br \/>\nBocas.<\/p>\n<p>De no cumplir con lo aseverado por la ministra<br \/>\nEsquivel y de no salir avante la refiner\u00eda est\u00e1 llamada \u201creforma\u201d representar\u00eda<br \/>\nun ataron, un hoyanco pol\u00edtico para las intenciones de AMLO. Sin reforma y al<br \/>\nparecer sin entregar a tiempo Dos Bocas todo acabar\u00e1 en un chispazo muy<br \/>\ninc\u00f3modo.<\/p>\n<p><small>&#8212;&#8212;&#8212;&#8212;&#8212;&#8212;&#8211;<\/small><br \/><b><i><small>*Conductor<br \/>\ndel programa Va En Serio mexiquense tv canal 34.2 izzi 135<\/small><\/i><\/b><\/p><\/p>\n","protected":false},"excerpt":{"rendered":"<p>Se comenta solo&#8230;<\/p>\n","protected":false},"author":1168,"featured_media":36239,"comment_status":"open","ping_status":"open","sticky":false,"template":"","format":"standard","meta":{"tdm_status":"","tdm_grid_status":"","footnotes":""},"categories":[25],"tags":[],"_links":{"self":[{"href":"https:\/\/dralvarez.com.mx\/larevista\/wp-json\/wp\/v2\/posts\/21374"}],"collection":[{"href":"https:\/\/dralvarez.com.mx\/larevista\/wp-json\/wp\/v2\/posts"}],"about":[{"href":"https:\/\/dralvarez.com.mx\/larevista\/wp-json\/wp\/v2\/types\/post"}],"author":[{"embeddable":true,"href":"https:\/\/dralvarez.com.mx\/larevista\/wp-json\/wp\/v2\/users\/1168"}],"replies":[{"embeddable":true,"href":"https:\/\/dralvarez.com.mx\/larevista\/wp-json\/wp\/v2\/comments?post=21374"}],"version-history":[{"count":1,"href":"https:\/\/dralvarez.com.mx\/larevista\/wp-json\/wp\/v2\/posts\/21374\/revisions"}],"predecessor-version":[{"id":36238,"href":"https:\/\/dralvarez.com.mx\/larevista\/wp-json\/wp\/v2\/posts\/21374\/revisions\/36238"}],"wp:featuredmedia":[{"embeddable":true,"href":"https:\/\/dralvarez.com.mx\/larevista\/wp-json\/wp\/v2\/media\/36239"}],"wp:attachment":[{"href":"https:\/\/dralvarez.com.mx\/larevista\/wp-json\/wp\/v2\/media?parent=21374"}],"wp:term":[{"taxonomy":"category","embeddable":true,"href":"https:\/\/dralvarez.com.mx\/larevista\/wp-json\/wp\/v2\/categories?post=21374"},{"taxonomy":"post_tag","embeddable":true,"href":"https:\/\/dralvarez.com.mx\/larevista\/wp-json\/wp\/v2\/tags?post=21374"}],"curies":[{"name":"wp","href":"https:\/\/api.w.org\/{rel}","templated":true}]}}