{"id":21370,"date":"2022-04-11T00:00:00","date_gmt":"2022-04-11T06:00:00","guid":{"rendered":"https:\/\/dralvarez.com.mx\/larevista\/blog\/el-viaje-de-adan-augusto"},"modified":"2024-02-23T12:32:30","modified_gmt":"2024-02-23T18:32:30","slug":"el-viaje-de-adan-augusto","status":"publish","type":"post","link":"https:\/\/dralvarez.com.mx\/larevista\/opiniones\/el-viaje-de-adan-augusto","title":{"rendered":"El viaje de Ad\u00e1n Augusto"},"content":{"rendered":"<p><b><i>Contacto con la Pol\u00edtica Nacional<\/i>, por:&nbsp;Baltasar Barbolla.&nbsp;<\/b><\/p>\n<\/p>\n<p><b>CDMX.-<\/b> Parece<br \/>\nser que la participaci\u00f3n de <b>Ad\u00e1n Augusto<br \/>\nL\u00f3pez Hern\u00e1ndez<\/b> en la carrera a Palacio Nacional tuvo un abrupto fin luego<br \/>\nde que el presidente L\u00f3pez Obrador dijera esta semana que el secretario de<br \/>\nGobierno no es precandidato a la Presidencia. \u2013coment\u00f3 la periodista para dar<br \/>\ninicio a nuestra ya tradicional pl\u00e1tica en el Balmoral- Como dicen, \u201clo que<br \/>\nf\u00e1cil viene, f\u00e1cil se va\u201d pues el secretario ya hab\u00eda comenzado a aparecer en<br \/>\nlas encuestas de presidenciables e incluso hab\u00eda tenido participaciones en<br \/>\nimportantes eventos de Morena.<\/p>\n<p>-Se dice que el motivo por el cual se le retir\u00f3 de la<br \/>\ncontienda interna fue el viaje que hizo \u00e9ste fin de semana a Sonora y Coahuila<br \/>\npara promover la revocaci\u00f3n de mandato a pesar de la expresa prohibici\u00f3n legal<br \/>\nque tienen los servidores p\u00fablicos de hacerlo. Ahora bien, el problema<br \/>\ndif\u00edcilmente haya sido que incumpli\u00f3 la Ley para promocionar la revocaci\u00f3n pues<br \/>\nvarios gobernadores, legisladores y secretarios de Estado de Morena hicieron lo<br \/>\nmismo en un acto de aparente desesperaci\u00f3n ante la falta de inter\u00e9s de la<br \/>\nciudadan\u00eda por el ejercicio. \u2013se\u00f1al\u00f3 el pol\u00edtico- El verdadero problema parece<br \/>\nhaber sido que utiliz\u00f3 un avi\u00f3n de la <b>Guardia<br \/>\nNacional <\/b>para transportarse.<\/p>\n<p>-De acuerdo a lo que trascendi\u00f3 en la prensa, el<br \/>\nsecretario de Gobernaci\u00f3n us\u00f3 una aeronave de la Guardia Nacional para viajar<br \/>\nde la capital a Torre\u00f3n, posteriormente a Hermosillo y finalmente regresar a la<br \/>\nCiudad de M\u00e9xico; lo acompa\u00f1aron <b>Mario<br \/>\nDelgado<\/b>, dirigente nacional de Morena, y el general <b>Luis Rodr\u00edguez Bucio<\/b>, titular de la Guardia Nacional. \u2013platic\u00f3 el<br \/>\nescritor<\/p>\n<p>-Tras revisar las placas del avi\u00f3n que utiliz\u00f3 el<br \/>\nsecretario <b>Ad\u00e1n Augusto<\/b>, se<br \/>\ndescubri\u00f3 que \u00e9ste era propiedad de la ya extinta Polic\u00eda Federal y que, al<br \/>\ninicio del sexenio, fue listado para venta pues era considerado un gasto<br \/>\ninnecesario el cual no serv\u00eda para cumplir objetivos sociales, sino para<br \/>\ntransporte ejecutivo. \u2013hizo saber la empresaria- Por lo visto, el avi\u00f3n no se<br \/>\nvendi\u00f3, solo le cambiaron los logos, y todav\u00eda sigue siendo utilizado para<br \/>\ntransporte de funcionarios.<\/p>\n<p>-Como bien dijo nuestro amigo pol\u00edtico, lo m\u00e1s<br \/>\nprobable es que el error del secretario de Gobernaci\u00f3n haya sido viajar en el<br \/>\navi\u00f3n de la Guardia Nacional pues es sabido que un principio b\u00e1sico del presidente<br \/>\n<b>L\u00f3pez Obrador<\/b> es que funcionarios<br \/>\np\u00fablicos no deben usar aeronaves oficiales para transportarse. De hecho, el<br \/>\nmismo Andr\u00e9s Manuel utiliza aerol\u00edneas comerciales para viajar y \u00fanicamente usa<br \/>\naeronaves oficiales cuando va a supervisar zonas afectadas por cat\u00e1strofes<br \/>\nnaturales o proyectos importantes. \u2013comparti\u00f3 el analista<\/p>\n<p>-Coincido con lo que comentan respecto a que la<br \/>\nmolestia del presidente no fue por haber promovido la revocaci\u00f3n de mandato ya<br \/>\nque <b>Ad\u00e1n Augusto L\u00f3pez Hern\u00e1ndez<\/b> no<br \/>\nfue el \u00fanico funcionario en hacerlo. El pasado fin de semana fue lamentable<br \/>\npara nuestra democracia y nuestro Estado de Derecho por el esfuerzo coordinado<br \/>\nque funcionarios p\u00fablicos de Morena llevaron a cabo para violentar la ley y<br \/>\npromover la controversial consulta. \u2013intervino el editorialista- Incluso,<br \/>\ndurante la semana hemos visto m\u00e1s expresiones en este sentido como la<br \/>\n\u201caudiencia informativa\u201d de <b>Claudia<br \/>\nSheinbaum<\/b>, la cual supuestamente era para dar informaci\u00f3n sobre la reforma<br \/>\nel\u00e9ctrica, pero se us\u00f3 para promover la consulta.<\/p>\n<p>-Con respecto a lo de Ad\u00e1n Augusto, me parece<br \/>\nimportante se\u00f1alar que, en su conferencia matutina del lunes, el presidente<br \/>\nL\u00f3pez Obrador neg\u00f3 que el secretario de Gobernaci\u00f3n haya promovido la<br \/>\nrevocaci\u00f3n de mandato o asistido a m\u00edtines durante su viaje a Coahuila y<br \/>\nSonora. Esto demuestra que nuestro mandatario ignoraba por completo lo que hizo<br \/>\nel secretario el fin de semana, lo cual explicar\u00eda su molestia, o que no le<br \/>\nimport\u00f3 mentir sin descaro con tal de defenderlo pues hay videos y testimonios<br \/>\nque demuestran que L\u00f3pez Hern\u00e1ndez s\u00ed promovi\u00f3 la consulta durante su visita a<br \/>\ndichos estados del norte. \u2013observ\u00f3 la abogada<\/p>\n<p>-Y no fue sutil al hacerlo. \u2013expres\u00f3 el pol\u00edtico- En<br \/>\nCoahuila, el secretario de Gobernaci\u00f3n dijo que hab\u00eda hablado con \u201cya saben<br \/>\nqui\u00e9n\u201d para compartirle que promover\u00eda \u201cya saben qu\u00e9\u201d en su viaje y que, si el<br \/>\nINE intentaba sancionarlo, dir\u00eda que es un honor que lo corran de su cargo por<br \/>\nayudar a Obrador. Adem\u00e1s, afirm\u00f3 que habr\u00e1 un amanecer democr\u00e1tico en Coahuila<br \/>\nel 10 de abril pues estaba seguro que apoyar\u00e1n al presidente. Todo esto,<br \/>\nacompa\u00f1ado de ataques y denostaciones en contra de la autoridad electoral.  <\/p>\n<p>-En Sonora fue m\u00e1s directo. \u2013sostuvo la periodista- De<br \/>\nacuerdo a lo reportado en medios, comparti\u00f3 que el gobernador lo hab\u00eda invitado<br \/>\na hablar sobre la reforma el\u00e9ctrica, pero que \u00e9l estaba ah\u00ed para apoyar el<br \/>\nmovimiento del 10 de abril en el cual Sonora y M\u00e9xico le demostrar\u00edan al mundo<br \/>\nque son capaces de respaldar al mejor presidente de la historia moderna de<br \/>\nnuestro pa\u00eds. Tambi\u00e9n coment\u00f3 que la consulta no ser\u00eda una revocaci\u00f3n, sino una<br \/>\nrevoluci\u00f3n de conciencias que iniciar\u00e1 desde tal entidad.<\/p>\n<p>-Creo que lo ocurrido \u00e9ste fin de semana fue un desliz<br \/>\nde Ad\u00e1n Augusto ya que, adem\u00e1s de haber sido retirado de la contienda<br \/>\npresidencial, manch\u00f3 el gran desempe\u00f1o que hab\u00eda tenido al frente de la<br \/>\nSecretar\u00eda de Gobernaci\u00f3n. Gracias a su capacidad de conciliaci\u00f3n y su<br \/>\ndisposici\u00f3n a abrir canales de di\u00e1logo con las distintas fuerzas pol\u00edticas del<br \/>\npa\u00eds, el secretario se gan\u00f3 el respeto de simpatizantes del gobierno y de<br \/>\nopositores. Definitivamente, su imagen y prestigio se vieron afectados por la<br \/>\nfalta de legalidad con la que se condujo en Coahuila y Sonora, lo cual seguro<br \/>\ncomplicar\u00e1 su labor en la secretar\u00eda durante los pr\u00f3ximos meses. \u2013opin\u00f3 el<br \/>\nconsultor<\/p>\n<p>-As\u00ed es, amigo consultor, y es que las complicaciones<br \/>\npara Ad\u00e1n Augusto ya empezaron pues los partidos de oposici\u00f3n interpusieron<br \/>\nquejas y denuncias en su contra ante diferentes instancias. Para empezar, los<br \/>\ndirigentes nacionales del PAN, el PRI y el PRD emitieron un comunicado conjunto<br \/>\nen el cual reprobaron que el secretario haya usado un avi\u00f3n de la Guardia<br \/>\nNacional y haya promovido la revocaci\u00f3n de mandato. \u2013expuso el editorialista<\/p>\n<p>&#8211; \u00bfQu\u00e9 dijeron en este comunicado? \u2013pregunt\u00f3 uno de<br \/>\nlos presentes<\/p>\n<p>&#8211; <b>Marko Cort\u00e9s<\/b>,<br \/>\ndirigente de Acci\u00f3n Nacional, lament\u00f3 que se haya roto el orden constitucional<br \/>\ny se\u00f1al\u00f3 que hubo desv\u00edo de recursos por el uso de la aeronave oficial para<br \/>\nhacer proselitismo; <b>Alejandro Moreno<\/b>,<br \/>\ndirigente del Revolucionario Institucional, afirm\u00f3 que el gobierno est\u00e1<br \/>\ndesesperado para posicionar la consulta del domingo; y <b>Jes\u00fas Zambrano<\/b>, dirigente del PRD, acus\u00f3 al presidente de mit\u00f3mano<br \/>\npor haber mentido cuando dijo que el secretario no promovi\u00f3 la revocaci\u00f3n de<br \/>\nmandato durante su viaje. \u2013contest\u00f3 el editorialista<\/p>\n<p>-Adem\u00e1s de lo que menciona nuestro amigo<br \/>\neditorialista, el PRD present\u00f3 una denuncia ante la Secretar\u00eda de la Funci\u00f3n<br \/>\nP\u00fablica (SFP) en contra de <b>L\u00f3pez Obrador<\/b><br \/>\ny de <b>L\u00f3pez Hern\u00e1ndez<\/b> por los delitos<br \/>\nde corrupci\u00f3n, peculado, tr\u00e1fico de influencias y uso indebido de recursos<br \/>\np\u00fablicos. Asimismo, un grupo de diputados del PAN, el PRI y el PRD<br \/>\ninterpusieron una denuncia ante la Fiscal\u00eda General de la Rep\u00fablica (FGR) en<br \/>\ncontra del secretario y del titular de la Guardia Nacional por los delitos de<br \/>\nabuso de autoridad y peculado.<\/p>\n<p>-Dif\u00edcilmente lleguen a alg\u00fan tipo de sentencia \u00e9stas<br \/>\ndenuncias ya que la SFP es parte del gobierno y \u00e9ste no ha mostrado disposici\u00f3n<br \/>\npara juzgar a sus propios funcionarios en lo que va del sexenio, mientras que<br \/>\nla FGR ha demostrado ser dependiente del poder ejecutivo. \u2013coment\u00f3 la abogada-<br \/>\nPor otro lado, donde ha habido un poco m\u00e1s de acci\u00f3n es en el INE pues, ante<br \/>\nlas quejas de algunos partidos, emitieron un recordatorio a Ad\u00e1n Augusto y a<br \/>\notros 10 funcionarios sobre la obligaci\u00f3n que tienen de actuar con<br \/>\nimparcialidad en lo relativo a la consulta para no influir en la opini\u00f3n<br \/>\nciudadana, as\u00ed como tambi\u00e9n se les solicit\u00f3 a algunos funcionarios que eliminen<br \/>\nde sus redes sociales publicaciones que son consideradas propaganda ilegal. Es<br \/>\nverdad que estas medidas pueden parecer laxas, pero el INE no tiene facultades<br \/>\npara imponer sanciones m\u00e1s severas.<\/p>\n<p>-Sin duda, lo ocurrido el fin de semana pasado<br \/>\ncomplic\u00f3 a\u00fan m\u00e1s el tumultuoso devenir de la revocaci\u00f3n de mandato, as\u00ed como<br \/>\ntambi\u00e9n modific\u00f3 el juego de poderes en el escenario pol\u00edtico nacional con el<br \/>\nretiro de <b>Ad\u00e1n Augusto L\u00f3pez Hern\u00e1ndez<\/b><br \/>\nde la pugna por la candidatura presidencial de Morena. \u2013concluy\u00f3 la empresaria-<br \/>\nEsperemos que en los d\u00edas antes de la consulta se pueda observar una conducta<br \/>\nm\u00e1s apegada a la legalidad por parte del gobierno y sus aliados, aunque todo<br \/>\nparece indicar que habr\u00e1 m\u00e1s actos de ilegalidad dada la desesperaci\u00f3n que<br \/>\nexiste por la baja participaci\u00f3n que se espera el domingo. Estaremos al<br \/>\npendiente de c\u00f3mo se desarrolla \u00e9sta jornada, la cual muy probablemente ser\u00e1<br \/>\npac\u00edfica, pero con varias controversias.<\/p><\/p>\n","protected":false},"excerpt":{"rendered":"<p>Contacto con la Pol\u00edtica Nacional.<\/p>\n","protected":false},"author":1114,"featured_media":36235,"comment_status":"open","ping_status":"open","sticky":false,"template":"","format":"standard","meta":{"tdm_status":"","tdm_grid_status":"","footnotes":""},"categories":[25],"tags":[],"_links":{"self":[{"href":"https:\/\/dralvarez.com.mx\/larevista\/wp-json\/wp\/v2\/posts\/21370"}],"collection":[{"href":"https:\/\/dralvarez.com.mx\/larevista\/wp-json\/wp\/v2\/posts"}],"about":[{"href":"https:\/\/dralvarez.com.mx\/larevista\/wp-json\/wp\/v2\/types\/post"}],"author":[{"embeddable":true,"href":"https:\/\/dralvarez.com.mx\/larevista\/wp-json\/wp\/v2\/users\/1114"}],"replies":[{"embeddable":true,"href":"https:\/\/dralvarez.com.mx\/larevista\/wp-json\/wp\/v2\/comments?post=21370"}],"version-history":[{"count":1,"href":"https:\/\/dralvarez.com.mx\/larevista\/wp-json\/wp\/v2\/posts\/21370\/revisions"}],"predecessor-version":[{"id":36234,"href":"https:\/\/dralvarez.com.mx\/larevista\/wp-json\/wp\/v2\/posts\/21370\/revisions\/36234"}],"wp:featuredmedia":[{"embeddable":true,"href":"https:\/\/dralvarez.com.mx\/larevista\/wp-json\/wp\/v2\/media\/36235"}],"wp:attachment":[{"href":"https:\/\/dralvarez.com.mx\/larevista\/wp-json\/wp\/v2\/media?parent=21370"}],"wp:term":[{"taxonomy":"category","embeddable":true,"href":"https:\/\/dralvarez.com.mx\/larevista\/wp-json\/wp\/v2\/categories?post=21370"},{"taxonomy":"post_tag","embeddable":true,"href":"https:\/\/dralvarez.com.mx\/larevista\/wp-json\/wp\/v2\/tags?post=21370"}],"curies":[{"name":"wp","href":"https:\/\/api.w.org\/{rel}","templated":true}]}}