{"id":21362,"date":"2022-04-11T00:00:00","date_gmt":"2022-04-11T06:00:00","guid":{"rendered":"https:\/\/dralvarez.com.mx\/larevista\/blog\/respuesta-a-la-chispita"},"modified":"2024-02-23T12:31:50","modified_gmt":"2024-02-23T18:31:50","slug":"respuesta-a-la-chispita","status":"publish","type":"post","link":"https:\/\/dralvarez.com.mx\/larevista\/opiniones\/respuesta-a-la-chispita","title":{"rendered":"Respuesta a la chispita"},"content":{"rendered":"<p><b><i>Se comenta solo&#8230;<\/i>, por: Carlos Ramos Padilla.*<\/b><\/p>\n<\/p>\n<p>Estados Unidos lo ha venido advirtiendo, el mundo tambi\u00e9n, vamos contra corriente en materia de generaci\u00f3n de energ\u00eda. Somos y seremos un foco de intoxicaci\u00f3n para el planeta y eso alejar\u00e1 inversiones, proyectos y estrategias. Ni somos capaces siquiera de colocar generadores de electricidad mediante la fuerza del viento porque son \u201cfeos\u201d y pueden matar aves. <\/p>\n<p>En las \u00faltimas semanas la Casa Blanca ha intentado reflexionar, evaluar y destinar esfuerzos para que en conjunto, ambas naciones, puedan proveer satisfactores limpios en materia de electricidad. Fukushima en Jap\u00f3n y Chernobyl en el norte de Ucrania, dieron la primera alerta acerca de los riesgos de usar la fuerza nuclear y at\u00f3mica. <\/p>\n<p>Los vecinos del norte han respondido luego de que amlo acusara al gobierno de Biden de injerencistas y de practicar el \u201clobby\u201d en favor de empresas privadas. El tabasque\u00f1o incluso nombr\u00f3 a los ministros de la Suprema Corte de Justicia como \u201cabogados laborales\u201d. <\/p>\n<p>El embajador estadounidense luego de visitar con prisa Palacio Nacional envi\u00f3 un comunicado que dicta: \u201cEstados Unidos est\u00e1 comprometido a trabajar con M\u00e9xico para hacer de Am\u00e9rica del Norte una potencia energ\u00e9tica que encabece al mundo en el combate a la crisis clim\u00e1tica y produzca abundante energ\u00eda limpia con tecnolog\u00eda solar, geot\u00e9rmica, h\u00eddrica, e\u00f3lica y otras energ\u00edas limpias. Estas tecnolog\u00edas de energ\u00eda limpia pueden impulsar una cadena de suministro integrada en Am\u00e9rica del Norte, como se visualiz\u00f3 durante la Cumbre de L\u00edderes de Am\u00e9rica del Norte\u201d. <\/p>\n<p>A\u00f1ade: \u201cMis colegas y yo hemos abogado en favor de esta visi\u00f3n de que Am\u00e9rica del Norte se consolide como una potencia de energ\u00eda limpia, y en nuestras varias reuniones con funcionarios del gobierno de M\u00e9xico hemos expresado nuestras preocupaciones sobre \u00e9sta y otras reformas propuestas. El gobierno de los Estados Unidos respeta la soberan\u00eda de M\u00e9xico y sus procesos democr\u00e1ticos. Es en este tenor de cooperaci\u00f3n y respeto que nos preocupa que la Ley de la Industria El\u00e9ctrica de 2021 probablemente abrir\u00e1 la puerta a litigios sin fin, generando incertidumbre y obstruyendo la inversi\u00f3n.  Las medidas que est\u00e1n ante el Poder Legislativo de M\u00e9xico tienen impactos en la competitividad de Am\u00e9rica del Norte, y por ello esperamos que el marco jur\u00eddico resultante apoye la creaci\u00f3n de una Am\u00e9rica del Norte que sea potencia de energ\u00eda limpia, que proteja las inversiones actuales y futuras de empresas estadounidenses en M\u00e9xico conforme a las obligaciones de M\u00e9xico bajo el Tratado M\u00e9xico-Estados Unidos-Canad\u00e1, y que proteja la integraci\u00f3n de las cadenas de suministro M\u00e9xico-Estados Unidos en favor de la prosperidad de nuestra regi\u00f3n. Esperamos que cualquier marco jur\u00eddico establezca un claro compromiso con el combate a la crisis del cambio clim\u00e1tico, y con proveer energ\u00eda limpia, barata y accesible para todos\u201d. <\/p>\n<p>Ah\u00ed queda y por escrito la se\u00f1al y subrayo la siguiente argumentaci\u00f3n: \u201cnos preocupa que la Ley de la Industria El\u00e9ctrica de 2021 probablemente abrir\u00e1 la puerta a litigios sin fin, generando incertidumbre y obstruyendo la inversi\u00f3n\u201d. <\/p>\n<p>La mal llamada Reforma El\u00e9ctrica no logr\u00f3 consenso, s\u00ed muchas presiones. Los ministros que la aprobaron fueron sujetos a conveniencias personales, intereses pol\u00edticos antes que respetar y engrandecer su investidura. M\u00e9xico va a pagar muy caro esta tendencia retr\u00f3grada. Tiempo al tiempo.<\/p>\n<p><b>*Conductor del programa VaEnSerio mexiquensetv canal 34.2 izzi 135<\/b><\/p>\n<p><\/p>\n","protected":false},"excerpt":{"rendered":"<p>Se comenta solo&#8230;<\/p>\n","protected":false},"author":1168,"featured_media":36227,"comment_status":"open","ping_status":"open","sticky":false,"template":"","format":"standard","meta":{"tdm_status":"","tdm_grid_status":"","footnotes":""},"categories":[25],"tags":[],"_links":{"self":[{"href":"https:\/\/dralvarez.com.mx\/larevista\/wp-json\/wp\/v2\/posts\/21362"}],"collection":[{"href":"https:\/\/dralvarez.com.mx\/larevista\/wp-json\/wp\/v2\/posts"}],"about":[{"href":"https:\/\/dralvarez.com.mx\/larevista\/wp-json\/wp\/v2\/types\/post"}],"author":[{"embeddable":true,"href":"https:\/\/dralvarez.com.mx\/larevista\/wp-json\/wp\/v2\/users\/1168"}],"replies":[{"embeddable":true,"href":"https:\/\/dralvarez.com.mx\/larevista\/wp-json\/wp\/v2\/comments?post=21362"}],"version-history":[{"count":1,"href":"https:\/\/dralvarez.com.mx\/larevista\/wp-json\/wp\/v2\/posts\/21362\/revisions"}],"predecessor-version":[{"id":36226,"href":"https:\/\/dralvarez.com.mx\/larevista\/wp-json\/wp\/v2\/posts\/21362\/revisions\/36226"}],"wp:featuredmedia":[{"embeddable":true,"href":"https:\/\/dralvarez.com.mx\/larevista\/wp-json\/wp\/v2\/media\/36227"}],"wp:attachment":[{"href":"https:\/\/dralvarez.com.mx\/larevista\/wp-json\/wp\/v2\/media?parent=21362"}],"wp:term":[{"taxonomy":"category","embeddable":true,"href":"https:\/\/dralvarez.com.mx\/larevista\/wp-json\/wp\/v2\/categories?post=21362"},{"taxonomy":"post_tag","embeddable":true,"href":"https:\/\/dralvarez.com.mx\/larevista\/wp-json\/wp\/v2\/tags?post=21362"}],"curies":[{"name":"wp","href":"https:\/\/api.w.org\/{rel}","templated":true}]}}