{"id":21360,"date":"2022-04-11T00:00:00","date_gmt":"2022-04-11T06:00:00","guid":{"rendered":"https:\/\/dralvarez.com.mx\/larevista\/blog\/y-tras-tres-anos-resurreccion"},"modified":"2024-02-23T12:31:41","modified_gmt":"2024-02-23T18:31:41","slug":"y-tras-tres-anos-resurreccion","status":"publish","type":"post","link":"https:\/\/dralvarez.com.mx\/larevista\/opiniones\/y-tras-tres-anos-resurreccion","title":{"rendered":"Y, tras tres a\u00f1os, resurrecci\u00f3n&#8230;"},"content":{"rendered":"<p><b>Por: Cristina Pad\u00edn.<\/b><\/p>\n<p>Resucita, en la calle, la Semana Santa. En el alma y en el coraz\u00f3n jam\u00e1s dej\u00f3 de estar.. y ma\u00f1ana es Viernes de Dolores\u2026 y el dolor de tanta ausencia se hace m\u00e1s peque\u00f1o.. y el color y los aromas de estas fechas velan sue\u00f1os de esperanza y tradici\u00f3n. Ma\u00f1ana ya es Viernes de Dolores.. y todo vuelve a empezar..<\/p>\n<p>Y son tiempos tradicionales, nuestros, santos..<\/p>\n<p>Llegar\u00e1 el olivo cuando sea Domingo de Ramos y no perderemos las manos, algo habremos de estrenar.. Jes\u00fas en su Tercera Ca\u00edda en el lunes santo zamorano; o Jes\u00fas Atado a la Columna en el martes santo ferrolano. Viste el mi\u00e9rcoles de santidad Palencia con el Cristo de la Misericordia.. y todo es morado y rojo y blanco..<\/p>\n<p>Sevilla vuelve a sentir. La calle en Sevilla vuelve a latir: Jes\u00fas del Gran Poder, Esperanza Macarena, Esperanza de Triana.. recogimiento y pasi\u00f3n, fe y oraci\u00f3n. M\u00e1laga emociona con el Cristo de Mena. Por ejemplo. Y ser\u00e1 S\u00e1bado de Gloria. Y ser\u00e1 Domingo de Resurrecci\u00f3n. La emoci\u00f3n, la l\u00e1grima, el sentimiento.<\/p>\n<p>Ma\u00f1ana es Viernes de Dolores, y todo es verdad otra vez.. <\/p>\n<p>Qu\u00e9 bonita es la Semana Santa<br \/>Ojal\u00e1 estos d\u00edas de tradici\u00f3n y oraci\u00f3n puedan llevar un m\u00ednimo consuelo a familia y amigos de Erika Yunga, descansa en paz<br \/>Ma\u00f1ana es Viernes de Dolores<br \/>A todos aquellos que se han sentido hu\u00e9rfanos en estos duros tiempos: la Semana Santa vuelve a la calle<br \/>A Luis<br \/>A padres de Luis<br \/>A mi amigo Jm<br \/>A mi amiga Ana<br \/>A Mar\u00eda y Emi<br \/>A mi amigo Manuel<br \/>A los lugares mencionados y a mi Sevilla del alma<br \/>A nuestras tradiciones<\/p>\n","protected":false},"excerpt":{"rendered":"<p>Por: Cristina Pad\u00edn.<\/p>\n","protected":false},"author":1025,"featured_media":36225,"comment_status":"open","ping_status":"open","sticky":false,"template":"","format":"standard","meta":{"tdm_status":"","tdm_grid_status":"","footnotes":""},"categories":[25],"tags":[],"_links":{"self":[{"href":"https:\/\/dralvarez.com.mx\/larevista\/wp-json\/wp\/v2\/posts\/21360"}],"collection":[{"href":"https:\/\/dralvarez.com.mx\/larevista\/wp-json\/wp\/v2\/posts"}],"about":[{"href":"https:\/\/dralvarez.com.mx\/larevista\/wp-json\/wp\/v2\/types\/post"}],"author":[{"embeddable":true,"href":"https:\/\/dralvarez.com.mx\/larevista\/wp-json\/wp\/v2\/users\/1025"}],"replies":[{"embeddable":true,"href":"https:\/\/dralvarez.com.mx\/larevista\/wp-json\/wp\/v2\/comments?post=21360"}],"version-history":[{"count":1,"href":"https:\/\/dralvarez.com.mx\/larevista\/wp-json\/wp\/v2\/posts\/21360\/revisions"}],"predecessor-version":[{"id":36224,"href":"https:\/\/dralvarez.com.mx\/larevista\/wp-json\/wp\/v2\/posts\/21360\/revisions\/36224"}],"wp:featuredmedia":[{"embeddable":true,"href":"https:\/\/dralvarez.com.mx\/larevista\/wp-json\/wp\/v2\/media\/36225"}],"wp:attachment":[{"href":"https:\/\/dralvarez.com.mx\/larevista\/wp-json\/wp\/v2\/media?parent=21360"}],"wp:term":[{"taxonomy":"category","embeddable":true,"href":"https:\/\/dralvarez.com.mx\/larevista\/wp-json\/wp\/v2\/categories?post=21360"},{"taxonomy":"post_tag","embeddable":true,"href":"https:\/\/dralvarez.com.mx\/larevista\/wp-json\/wp\/v2\/tags?post=21360"}],"curies":[{"name":"wp","href":"https:\/\/api.w.org\/{rel}","templated":true}]}}