{"id":21350,"date":"2022-04-07T00:00:00","date_gmt":"2022-04-07T06:00:00","guid":{"rendered":"https:\/\/dralvarez.com.mx\/larevista\/blog\/el-guardian-de-las-lecturas"},"modified":"2024-02-23T12:31:05","modified_gmt":"2024-02-23T18:31:05","slug":"el-guardian-de-las-lecturas","status":"publish","type":"post","link":"https:\/\/dralvarez.com.mx\/larevista\/opiniones\/el-guardian-de-las-lecturas","title":{"rendered":"El Guardi\u00e1n de las Lecturas&#8230;"},"content":{"rendered":"<p><b>Por: Cristina Pad\u00edn.<\/b><\/p>\n<p>Regresaba de Galicia, hab\u00eda estado rezando ante el Ap\u00f3stol, disfrutando la maravilla que supone un a\u00f1o Xacobeo. Se hab\u00eda interesado por el encaje de Camari\u00f1as.. y hab\u00eda bebido vino excelente. Llegaba de urgencia a la hermosa ciudad..<\/p>\n<p>Acud\u00eda a un evento importante. Despu\u00e9s se ir\u00eda a Sevilla, quer\u00eda visitar la bella Plaza de Toros, y sentir la esencia andaluza en la piel.<\/p>\n<p>Era el Guardi\u00e1n de las Lecturas. Velaba por las letras y las palabras. Sufr\u00eda porque eran tiempos horribles.. demasiada gente no sab\u00eda apreciar un libro. Algo que se notaba en opiniones y conductas. Los que no leen son todos iguales, dec\u00eda..<\/p>\n<p>Aquella tarde tratar\u00eda de proteger el eco de Tom Sawyer; de Adela, una hija de Bernarda Alba; de Amaranta y sus deliciosos cuidados; de Serena Joy y sus inquietantes miradas\u2026 Tratar\u00eda de hacer valer el inter\u00e9s de la historias..<\/p>\n<p>Aquella tarde versar\u00eda sobre esas obras tan ideales como Las aventuras de Tom Sawyer, La casa de Bernarda Alba, Cien a\u00f1os de soledad, El cuento de la criada..<\/p>\n<p>Y tambi\u00e9n hablar\u00eda, a aquellos que supieran comprender lo que escuchan, sobre el arte en el pueblo gitano, que se festejar\u00eda en breve..<\/p>\n<p>Leer es vivir. Y entender y saber escuchar<br \/>A los lectores<br \/>A mi Galicia<br \/>Al Xacobeo<br \/>A mi Sevilla<br \/>Al toreo<br \/>A mi querido Luis<br \/>A mi amigo Juan Carlos<br \/>A los valientes y a los guardianes de la valent\u00eda<br \/>A mi amiga Julia<br \/>A Carlos<br \/>Al pueblo gitano<br \/>A El Pele y a Nani Cort\u00e9s<\/p>\n","protected":false},"excerpt":{"rendered":"<p>Por: Cristina Pad\u00edn.<\/p>\n","protected":false},"author":1025,"featured_media":36215,"comment_status":"open","ping_status":"open","sticky":false,"template":"","format":"standard","meta":{"tdm_status":"","tdm_grid_status":"","footnotes":""},"categories":[25],"tags":[],"_links":{"self":[{"href":"https:\/\/dralvarez.com.mx\/larevista\/wp-json\/wp\/v2\/posts\/21350"}],"collection":[{"href":"https:\/\/dralvarez.com.mx\/larevista\/wp-json\/wp\/v2\/posts"}],"about":[{"href":"https:\/\/dralvarez.com.mx\/larevista\/wp-json\/wp\/v2\/types\/post"}],"author":[{"embeddable":true,"href":"https:\/\/dralvarez.com.mx\/larevista\/wp-json\/wp\/v2\/users\/1025"}],"replies":[{"embeddable":true,"href":"https:\/\/dralvarez.com.mx\/larevista\/wp-json\/wp\/v2\/comments?post=21350"}],"version-history":[{"count":1,"href":"https:\/\/dralvarez.com.mx\/larevista\/wp-json\/wp\/v2\/posts\/21350\/revisions"}],"predecessor-version":[{"id":36214,"href":"https:\/\/dralvarez.com.mx\/larevista\/wp-json\/wp\/v2\/posts\/21350\/revisions\/36214"}],"wp:featuredmedia":[{"embeddable":true,"href":"https:\/\/dralvarez.com.mx\/larevista\/wp-json\/wp\/v2\/media\/36215"}],"wp:attachment":[{"href":"https:\/\/dralvarez.com.mx\/larevista\/wp-json\/wp\/v2\/media?parent=21350"}],"wp:term":[{"taxonomy":"category","embeddable":true,"href":"https:\/\/dralvarez.com.mx\/larevista\/wp-json\/wp\/v2\/categories?post=21350"},{"taxonomy":"post_tag","embeddable":true,"href":"https:\/\/dralvarez.com.mx\/larevista\/wp-json\/wp\/v2\/tags?post=21350"}],"curies":[{"name":"wp","href":"https:\/\/api.w.org\/{rel}","templated":true}]}}