{"id":21344,"date":"2022-04-07T00:00:00","date_gmt":"2022-04-07T06:00:00","guid":{"rendered":"https:\/\/dralvarez.com.mx\/larevista\/blog\/chispazo"},"modified":"2024-02-23T12:30:55","modified_gmt":"2024-02-23T18:30:55","slug":"chispazo","status":"publish","type":"post","link":"https:\/\/dralvarez.com.mx\/larevista\/opiniones\/chispazo","title":{"rendered":"Chispazo"},"content":{"rendered":"<p><b><i>Se comenta solo&#8230;<\/i>, por: Carlos Ramos Padilla.*&nbsp;<\/b><\/p>\n<\/p>\n<p>Estados Unidos, su gobierno y Ricardo Monreal son y ser\u00e1n los obst\u00e1culos m\u00e1s s\u00f3lidos para la Reforma El\u00e9ctrica, una propuesta gubernamental que no tiene nada de \u201creforma\u201d y parece acabar en un chispazo.<\/p>\n<p>En su intervenci\u00f3n en la sesi\u00f3n del Pleno de la Suprema Corte y en el marco de la discusi\u00f3n de las modificaciones a la Ley de la Industria El\u00e9ctrica, la ministra Yasm\u00edn Esquivel, determin\u00f3 que de la fracci\u00f3n I del art\u00edculo Vig\u00e9simo transitorio del decreto de reforma constitucional de 2013, deriva la obligaci\u00f3n del Congreso de la Uni\u00f3n<\/p>\n<p>\u201c<em>\u2026de realizar las adecuaciones al marco jur\u00eddico para regular a las empresas productivas del Estado, entre las cuales se encuentra la CFE, para establecer que su objeto sea la creaci\u00f3n de valor econ\u00f3mico e incrementar los ingresos de la Naci\u00f3n, con sentido de equidad y responsabilidad social y ambiental.<\/em>&nbsp;Ello <em>es un mandato del Constituyente que no debe quedar simplemente en una mera aspiraci\u00f3n, prop\u00f3sito o intenci\u00f3n de establecer como uno de los fines de la CFE la generaci\u00f3n de rendimientos. Esta no es una disposici\u00f3n simplemente program\u00e1tica, debe llevarse al terreno de los hechos\u201d<\/em>.<\/p>\n<p>No obstante, las visitas a nuestro pa\u00eds del enviado especial de la Casa Blanca para el cambio clim\u00e1tico, John Kerry, se registran con m\u00e1s frecuencia ocupado y preocupado en el mercado abierto y competitivo, pero m\u00e1s a\u00fan, en revisar, conjuntamente, la determinaci\u00f3n de emplear f\u00f3siles para la generaci\u00f3n de electricidad y poco la aplicaci\u00f3n de proyectos renovables y sustentables.<\/p>\n<p>John Kerry, inform\u00f3 que la Casa Blanca seguir\u00e1 de cerca la discusi\u00f3n de la pol\u00e9mica y cuestionada reforma el\u00e9ctrica. Kerry, junto con el embajador de Estados Unidos en M\u00e9xico, Ken Salazar y un grupo de empresarios estadounidenses, se reunieron en Palacio Nacional con AMLO y funcionarios del Gobierno.<\/p>\n<p>El tema de la reforma energ\u00e9tica est\u00e1 sobre la mesa en M\u00e9xico y planteamos con nuestro embajador, Ken Salazar, ideas de c\u00f3mo esa reforma reflejar\u00e1 mejor los temas para avanzar de manera efectiva (\u2026) formamos nuestro equipo, con Ken y la Casa Blanca para tratar de asegurar todo lo que surja de la reforma energ\u00e9tica\u201d, declar\u00f3 Kerry.<\/p>\n<p>Y se sabe que del otro lado de la frontera hay malestar pero inconformidad, incluso en Texas han calificado de \u201chostil\u201d al medio ambiente al gobierno de M\u00e9xico. La propuesta mexicana es controvertida debido a que limitar\u00eda al 46% la participaci\u00f3n privada en generaci\u00f3n el\u00e9ctrica para favorecer a la Comisi\u00f3n Federal de Electricidad, empresa del Estado.<\/p>\n<p>Adem\u00e1s, eliminar\u00eda los reguladores aut\u00f3nomos de energ\u00eda, revisar\u00eda contratos previos y priorizar\u00eda a las plantas f\u00f3siles de CFE sobre las renovables de privados. De igual forma los extranjeros del norte ven a distancia la participaci\u00f3n de Manuel Bartlett por sus antecedentes pol\u00edticos y biogr\u00e1ficos lo mismo que a la secretaria de energ\u00eda, Roc\u00edo Nahle, quien por su cercan\u00eda a AMLO la obliga a defender la construcci\u00f3n de la refiner\u00eda de Dos Bocas.<\/p>\n<p>De no cumplir con lo aseverado por la ministra Esquivel y de no salir avante la refiner\u00eda est\u00e1 llamada \u201creforma\u201d representar\u00eda un ataron, un hoyanco pol\u00edtico para las intenciones de AMLO. Sin reforma y al parecer sin entregar a tiempo Dos Bocas todo acabar\u00e1 en un chispazo muy inc\u00f3modo.<\/p>\n<p><b>*Conductor del programa VaEnSeri mexiquense tv canal 34.2 izzi 135<\/b><\/p>\n<p><\/p>\n","protected":false},"excerpt":{"rendered":"<p>Se comenta solo&#8230;<\/p>\n","protected":false},"author":1168,"featured_media":36209,"comment_status":"open","ping_status":"open","sticky":false,"template":"","format":"standard","meta":{"tdm_status":"","tdm_grid_status":"","footnotes":""},"categories":[25],"tags":[],"_links":{"self":[{"href":"https:\/\/dralvarez.com.mx\/larevista\/wp-json\/wp\/v2\/posts\/21344"}],"collection":[{"href":"https:\/\/dralvarez.com.mx\/larevista\/wp-json\/wp\/v2\/posts"}],"about":[{"href":"https:\/\/dralvarez.com.mx\/larevista\/wp-json\/wp\/v2\/types\/post"}],"author":[{"embeddable":true,"href":"https:\/\/dralvarez.com.mx\/larevista\/wp-json\/wp\/v2\/users\/1168"}],"replies":[{"embeddable":true,"href":"https:\/\/dralvarez.com.mx\/larevista\/wp-json\/wp\/v2\/comments?post=21344"}],"version-history":[{"count":1,"href":"https:\/\/dralvarez.com.mx\/larevista\/wp-json\/wp\/v2\/posts\/21344\/revisions"}],"predecessor-version":[{"id":36208,"href":"https:\/\/dralvarez.com.mx\/larevista\/wp-json\/wp\/v2\/posts\/21344\/revisions\/36208"}],"wp:featuredmedia":[{"embeddable":true,"href":"https:\/\/dralvarez.com.mx\/larevista\/wp-json\/wp\/v2\/media\/36209"}],"wp:attachment":[{"href":"https:\/\/dralvarez.com.mx\/larevista\/wp-json\/wp\/v2\/media?parent=21344"}],"wp:term":[{"taxonomy":"category","embeddable":true,"href":"https:\/\/dralvarez.com.mx\/larevista\/wp-json\/wp\/v2\/categories?post=21344"},{"taxonomy":"post_tag","embeddable":true,"href":"https:\/\/dralvarez.com.mx\/larevista\/wp-json\/wp\/v2\/tags?post=21344"}],"curies":[{"name":"wp","href":"https:\/\/api.w.org\/{rel}","templated":true}]}}