{"id":21338,"date":"2022-04-07T00:00:00","date_gmt":"2022-04-07T06:00:00","guid":{"rendered":"https:\/\/dralvarez.com.mx\/larevista\/blog\/aun-no-la-libran"},"modified":"2024-02-23T12:30:31","modified_gmt":"2024-02-23T18:30:31","slug":"aun-no-la-libran","status":"publish","type":"post","link":"https:\/\/dralvarez.com.mx\/larevista\/opiniones\/aun-no-la-libran","title":{"rendered":"A\u00fan no la Libran"},"content":{"rendered":"<p><b><i>Se comenta solo&#8230;<\/i>, por: Carlos Ramos Padilla.*<\/b><\/p>\n<\/p>\n<p>Que dif\u00edcil ha de ser dormir con la preocupaci\u00f3n de que al otro d\u00eda se gire una orden de aprehensi\u00f3n.<\/p>\n<p>Resulta que en la estaci\u00f3n del Metro \u201cLos Olivos\u201d, L\u00ednea 12 del Sistema de Transporte Colectivo, las v\u00edctimas del colapso, acompa\u00f1adas por Te\u00f3filo Ben\u00edtez Granados, su abogado, informaron que  el pr\u00f3ximo 19 de abril tendr\u00e1n  listo su propio peritaje del accidente del pasado 3 de mayo que provoc\u00f3 la muerte de 26 usuarios.<\/p>\n<p>Nada de creer que todo se debi\u00f3 a \u201clos pernos\u201d. Esto podr\u00eda permitir formular nuevas acusaciones en contra de aquellos funcionarios que tuvieron a su cargo, desde la planeaci\u00f3n del proyecto, hasta la construcci\u00f3n, mantenimiento y operaci\u00f3n del Metro fijando su responsabilidad a cuatro de ellos, Marcelo Ebrard, Mario Delgado, Claudia Sheinbaum y Florencia Serran\u00eda.<\/p>\n<p>El dictamen que presentar\u00e1n busca castigar a los responsables y evitar la Impunidad y protecci\u00f3n como ha ocurrido evidentemente con Florencia Serran\u00eda, ex titular del STC y tambi\u00e9n ex subdirectora de mantenimiento del propio Metro.<\/p>\n<p>Adem\u00e1s, adicional al lamentable caso de la detenci\u00f3n ilegal de Alejandra Cuevas, los deudos intentan demostrar la ineficiencia y complicidad pol\u00edtica de la Fiscal Ernestina Godoy.<\/p>\n<p>Los familiares de los fallecidos indicaron que \u201cnosotros demostraremos con sus propios documentos, con sus propios an\u00e1lisis, que realmente estuvo corta la investigaci\u00f3n, que estuvo mal la investigaci\u00f3n, que s\u00ed est\u00e1 bien hecha la imputaci\u00f3n a las personas que ellos tienen ahorita como imputadas, pero se les olvidaron much\u00edsimos m\u00e1s atr\u00e1s, entonces este peritaje es precisamente de lo que trata es esclarecer los hechos a los ojos de la ciudadan\u00eda y en especial de la propia fiscal\u201d. Las indemnizaciones que Grupo Carso a entregado a los familiares resultan una humillaci\u00f3n y una ofensa ya intentan reducir a silencio este criminal acto otorgando un mill\u00f3n de pesos por fallecido.<\/p>\n<p>A Marcelo Ebrard le reclamar\u00e1n su irresponsabilidad en los linchamientos casualmente en Tl\u00e1huac y haber cometido irregularidades en el dise\u00f1o de los tramos de la L\u00ednea Doce, la compra de trenes no recomendados para esa obra y haberla inaugurado sin terminar.<\/p>\n<p>A Claudia Sheinbaum le recordar\u00e1n el desplome del Colegio Rebsamen y el haber protegido a Florencia Serran\u00eda despu\u00e9s de varios accidentes fatales en los subterr\u00e1neos del transporte p\u00fablico, el incendio en el centro de control maestro y el desplome en el elevado de Tl\u00e1huac.<\/p>\n<p>Adem\u00e1s del soporte t\u00e9cnico varios sobrevivientes a la tragedia exigen al Gobierno de la CDMX y a la Fiscal\u00eda respuestas claras y no caer en el juego sucio de que todo se debi\u00f3 a unas soldaduras o pernos defectuosos. <\/p>\n<p>Las facturas Pol\u00edtico\/sociales de los mencionados como responsables son graves y m\u00e1s a\u00fan cuando despu\u00e9s de un a\u00f1o no hay detenidos, consignados y nada se sabe de las carpetas de investigaci\u00f3n.<\/p>\n<p>A\u00fan no la libran quienes hoy se exhiben como garantes de la honestidad valiente.<\/p>\n<p>La herida permanente que deja el fallecimiento de familiares permanece abierta y la omisi\u00f3n, silencio, mentiras y corrupci\u00f3n de las autoridades enardecen a una poblaci\u00f3n que ya no est\u00e1 dispuesta a recibir groseras compensaciones para guardar silencio.<\/p>\n<p><b>Conductor del programa VaEnSerio mexiquensetv canal 34.2 izzi 135<\/b><\/p>\n<p><\/p>\n","protected":false},"excerpt":{"rendered":"<p>Se comenta solo&#8230;<\/p>\n","protected":false},"author":1168,"featured_media":36203,"comment_status":"open","ping_status":"open","sticky":false,"template":"","format":"standard","meta":{"tdm_status":"","tdm_grid_status":"","footnotes":""},"categories":[25],"tags":[],"_links":{"self":[{"href":"https:\/\/dralvarez.com.mx\/larevista\/wp-json\/wp\/v2\/posts\/21338"}],"collection":[{"href":"https:\/\/dralvarez.com.mx\/larevista\/wp-json\/wp\/v2\/posts"}],"about":[{"href":"https:\/\/dralvarez.com.mx\/larevista\/wp-json\/wp\/v2\/types\/post"}],"author":[{"embeddable":true,"href":"https:\/\/dralvarez.com.mx\/larevista\/wp-json\/wp\/v2\/users\/1168"}],"replies":[{"embeddable":true,"href":"https:\/\/dralvarez.com.mx\/larevista\/wp-json\/wp\/v2\/comments?post=21338"}],"version-history":[{"count":1,"href":"https:\/\/dralvarez.com.mx\/larevista\/wp-json\/wp\/v2\/posts\/21338\/revisions"}],"predecessor-version":[{"id":36202,"href":"https:\/\/dralvarez.com.mx\/larevista\/wp-json\/wp\/v2\/posts\/21338\/revisions\/36202"}],"wp:featuredmedia":[{"embeddable":true,"href":"https:\/\/dralvarez.com.mx\/larevista\/wp-json\/wp\/v2\/media\/36203"}],"wp:attachment":[{"href":"https:\/\/dralvarez.com.mx\/larevista\/wp-json\/wp\/v2\/media?parent=21338"}],"wp:term":[{"taxonomy":"category","embeddable":true,"href":"https:\/\/dralvarez.com.mx\/larevista\/wp-json\/wp\/v2\/categories?post=21338"},{"taxonomy":"post_tag","embeddable":true,"href":"https:\/\/dralvarez.com.mx\/larevista\/wp-json\/wp\/v2\/tags?post=21338"}],"curies":[{"name":"wp","href":"https:\/\/api.w.org\/{rel}","templated":true}]}}